{"id":134571,"date":"2025-03-02T12:00:06","date_gmt":"2025-03-02T15:00:06","guid":{"rendered":"https:\/\/onordeste.com.br\/?p=134566"},"modified":"2025-03-02T12:00:06","modified_gmt":"2025-03-02T15:00:06","slug":"padilha-diz-que-quer-reduzir-o-tempo-de-espera-no-sus","status":"publish","type":"post","link":"https:\/\/iparaiba.com.br\/index.php\/2025\/03\/02\/padilha-diz-que-quer-reduzir-o-tempo-de-espera-no-sus\/","title":{"rendered":"Padilha diz que quer reduzir o tempo de espera no SUS"},"content":{"rendered":"<p>A transi\u00e7\u00e3o de comando no Minist\u00e9rio da Sa\u00fade foi iniciada com uma reuni\u00e3o de trabalho entre o futuro titular da pasta, Alexandre Padilha, e a ministra da Sa\u00fade, N\u00edsia Trindade. Padilha, que \u00e9 m\u00e9dico e retornar\u00e1 \u00e0 pasta que j\u00e1 comandou entre 2011 e 2014, afirmou que perseguir\u00e1 a meta de reduzir o tempo de espera para atendimento no Sistema \u00danico de Sa\u00fade (SUS).<\/p>\n<p>\u201cVou fazer uma transi\u00e7\u00e3o com um olhar muito detalhado. Como um bom m\u00e9dico, vou fazer um diagn\u00f3stico junto com a ministra. A partir de agora minha dedica\u00e7\u00e3o total \u00e9 pelo desafio que o presidente Lula estabeleceu, que \u00e9 uma obsess\u00e3o minha enquanto ministro, enquanto m\u00e9dico, \u00e9 uma obsess\u00e3o do presidente Lula, que \u00e9 reduzir o tempo de espera para quem precisa de atendimento de sa\u00fade no nosso Pa\u00eds\u201d, disse, nesta quinta-feira (27\/2), em v\u00eddeo divulgado nas redes sociais.<\/p>\n<p>Nas redes sociais, os v\u00eddeos da visita ao pr\u00e9dio do minist\u00e9rio mostram Padilha no gabinete da ministra e na copa, onde tomou um caf\u00e9 e reencontrou trabalhadores com quem conviveu quando foi titular da sa\u00fade, no governo da presidente Dilma Rousseff.<\/p>\n","protected":false},"excerpt":{"rendered":"<p>A transi\u00e7\u00e3o de comando no Minist\u00e9rio da Sa\u00fade foi iniciada com uma reuni\u00e3o de trabalho entre o futuro titular da pasta, Alexandre Padilha, e a ministra da Sa\u00fade, N\u00edsia Trindade. Padilha, que \u00e9 m\u00e9dico e retornar\u00e1 \u00e0 pasta que j\u00e1 comandou entre 2011 e 2014, afirmou que perseguir\u00e1 a meta de reduzir o tempo de &hellip;<\/p>\n","protected":false},"author":1,"featured_media":97885,"comment_status":"open","ping_status":"open","sticky":false,"template":"","format":"standard","meta":{"footnotes":""},"categories":[2],"tags":[],"class_list":["post-134571","post","type-post","status-publish","format-standard","has-post-thumbnail","hentry","category-saude"],"_links":{"self":[{"href":"https:\/\/iparaiba.com.br\/index.php\/wp-json\/wp\/v2\/posts\/134571","targetHints":{"allow":["GET"]}}],"collection":[{"href":"https:\/\/iparaiba.com.br\/index.php\/wp-json\/wp\/v2\/posts"}],"about":[{"href":"https:\/\/iparaiba.com.br\/index.php\/wp-json\/wp\/v2\/types\/post"}],"author":[{"embeddable":true,"href":"https:\/\/iparaiba.com.br\/index.php\/wp-json\/wp\/v2\/users\/1"}],"replies":[{"embeddable":true,"href":"https:\/\/iparaiba.com.br\/index.php\/wp-json\/wp\/v2\/comments?post=134571"}],"version-history":[{"count":1,"href":"https:\/\/iparaiba.com.br\/index.php\/wp-json\/wp\/v2\/posts\/134571\/revisions"}],"predecessor-version":[{"id":134594,"href":"https:\/\/iparaiba.com.br\/index.php\/wp-json\/wp\/v2\/posts\/134571\/revisions\/134594"}],"wp:featuredmedia":[{"embeddable":true,"href":"https:\/\/iparaiba.com.br\/index.php\/wp-json\/wp\/v2\/media\/97885"}],"wp:attachment":[{"href":"https:\/\/iparaiba.com.br\/index.php\/wp-json\/wp\/v2\/media?parent=134571"}],"wp:term":[{"taxonomy":"category","embeddable":true,"href":"https:\/\/iparaiba.com.br\/index.php\/wp-json\/wp\/v2\/categories?post=134571"},{"taxonomy":"post_tag","embeddable":true,"href":"https:\/\/iparaiba.com.br\/index.php\/wp-json\/wp\/v2\/tags?post=134571"}],"curies":[{"name":"wp","href":"https:\/\/api.w.org\/{rel}","templated":true}]}}