{"id":134570,"date":"2025-03-02T10:00:38","date_gmt":"2025-03-02T13:00:38","guid":{"rendered":"https:\/\/onordeste.com.br\/?p=134564"},"modified":"2025-03-02T10:00:38","modified_gmt":"2025-03-02T13:00:38","slug":"prouni-divulgada-relacao-de-convocados-para-segunda-chamada","status":"publish","type":"post","link":"https:\/\/iparaiba.com.br\/index.php\/2025\/03\/02\/prouni-divulgada-relacao-de-convocados-para-segunda-chamada\/","title":{"rendered":"Prouni: divulgada rela\u00e7\u00e3o de convocados para segunda chamada"},"content":{"rendered":"<p style=\"font-weight: 600;\"><span data-contrast=\"auto\">O\u00a0processo seletivo referente ao primeiro semestre de 2025 do\u202fPrograma Universidade para Todos (Prouni)\u00a0convocou\u00a086.373\u00a0pr\u00e9-selecionados\u00a0em\u00a02\u00aa\u00a0chamada. A rela\u00e7\u00e3o foi\u00a0publicada\u00a0pelo Minist\u00e9rio da Educa\u00e7\u00e3o (MEC) nesta sexta-feira (28\/2)\u00a0e est\u00e1\u202fdispon\u00edvel no\u00a0<\/span><b><a href=\"https:\/\/acessounico.mec.gov.br\/prouni\"><span data-contrast=\"none\">Portal \u00danico de Acesso ao Ensino Superior<\/span><\/a><\/b><span data-contrast=\"auto\">. Os novos convocados ter\u00e3o at\u00e9\u00a0o dia\u00a017 de mar\u00e7o para apresentar os documentos diretamente \u00e0 institui\u00e7\u00e3o de educa\u00e7\u00e3o superior ou encaminhar por meio virtual\/eletr\u00f4nico.<\/span><\/p>\n<p style=\"font-weight: 600;\"><span data-contrast=\"auto\">Na\u00a01\u00aa\u00a0chamada do Prouni, divulgada no in\u00edcio de fevereiro,\u00a0197.080\u00a0estudantes haviam sido\u00a0pr\u00e9-selecionados.\u202fA\u00a0edi\u00e7\u00e3o de 2025 teve\u00a01,5\u202fmilh\u00e3o de inscri\u00e7\u00f5es, sendo que 768.296\u202fpessoas se inscreveram\u00a0\u2014\u00a0cada participante pode\u00a0escolher at\u00e9 dois cursos\u202fpara concorrer\u202f\u00e0\u202fbolsa.\u00a0Nesta edi\u00e7\u00e3o, foram ofertadas 338.444 bolsas em 403 cursos de 1.031 institui\u00e7\u00f5es privadas por todo o pa\u00eds. Dessas bolsas, 203.539 s\u00e3o integrais e 134.905 parciais.<\/span><\/p>\n<h4 style=\"font-weight: 400;\"><span data-contrast=\"auto\"><b><strong>Lista de espera<\/strong><\/b><\/span><\/h4>\n<p style=\"font-weight: 600;\"><span data-contrast=\"auto\">Os\u00a0candidatos que desejam\u00a0participar da lista de espera dever\u00e3o\u00a0manifestar seu interesse por meio da\u00a0<\/span><b><a href=\"https:\/\/acessounico.mec.gov.br\/prouni\"><span data-contrast=\"none\">p\u00e1gina do\u202fProuni<\/span><\/a><\/b><span data-contrast=\"auto\">,\u202fnos\u00a0dias\u202f26\u202fe\u202f27\u202fde\u202fmar\u00e7o\u202fde 2025. A lista estar\u00e1\u00a0dispon\u00edvel\u202fno\u202fdia\u202f1\u00ba\u202fde\u202fabril,\u202fno\u00a0<\/span><b><a href=\"https:\/\/prouni.mec.gov.br\/prouni2006\/login\/\"><span data-contrast=\"none\">Sistema do\u202fProuni\u202f(Sisprouni)<\/span><\/a><\/b><span data-contrast=\"auto\">, para consulta pelas institui\u00e7\u00f5es de educa\u00e7\u00e3o superior e pelos candidatos.<\/span><\/p>\n<p style=\"font-weight: 600;\"><b><strong><span data-contrast=\"auto\">Confira o cronograma do\u202fProuni\u202f2025\/1<\/span><\/strong><\/b><\/p>\n","protected":false},"excerpt":{"rendered":"<p>O\u00a0processo seletivo referente ao primeiro semestre de 2025 do\u202fPrograma Universidade para Todos (Prouni)\u00a0convocou\u00a086.373\u00a0pr\u00e9-selecionados\u00a0em\u00a02\u00aa\u00a0chamada. A rela\u00e7\u00e3o foi\u00a0publicada\u00a0pelo Minist\u00e9rio da Educa\u00e7\u00e3o (MEC) nesta sexta-feira (28\/2)\u00a0e est\u00e1\u202fdispon\u00edvel no\u00a0Portal \u00danico de Acesso ao Ensino Superior. Os novos convocados ter\u00e3o at\u00e9\u00a0o dia\u00a017 de mar\u00e7o para apresentar os documentos diretamente \u00e0 institui\u00e7\u00e3o de educa\u00e7\u00e3o superior ou encaminhar por meio virtual\/eletr\u00f4nico. Na\u00a01\u00aa\u00a0chamada &hellip;<\/p>\n","protected":false},"author":1,"featured_media":97923,"comment_status":"open","ping_status":"open","sticky":false,"template":"","format":"standard","meta":{"footnotes":""},"categories":[11],"tags":[],"class_list":["post-134570","post","type-post","status-publish","format-standard","has-post-thumbnail","hentry","category-educacao"],"_links":{"self":[{"href":"https:\/\/iparaiba.com.br\/index.php\/wp-json\/wp\/v2\/posts\/134570","targetHints":{"allow":["GET"]}}],"collection":[{"href":"https:\/\/iparaiba.com.br\/index.php\/wp-json\/wp\/v2\/posts"}],"about":[{"href":"https:\/\/iparaiba.com.br\/index.php\/wp-json\/wp\/v2\/types\/post"}],"author":[{"embeddable":true,"href":"https:\/\/iparaiba.com.br\/index.php\/wp-json\/wp\/v2\/users\/1"}],"replies":[{"embeddable":true,"href":"https:\/\/iparaiba.com.br\/index.php\/wp-json\/wp\/v2\/comments?post=134570"}],"version-history":[{"count":1,"href":"https:\/\/iparaiba.com.br\/index.php\/wp-json\/wp\/v2\/posts\/134570\/revisions"}],"predecessor-version":[{"id":134593,"href":"https:\/\/iparaiba.com.br\/index.php\/wp-json\/wp\/v2\/posts\/134570\/revisions\/134593"}],"wp:featuredmedia":[{"embeddable":true,"href":"https:\/\/iparaiba.com.br\/index.php\/wp-json\/wp\/v2\/media\/97923"}],"wp:attachment":[{"href":"https:\/\/iparaiba.com.br\/index.php\/wp-json\/wp\/v2\/media?parent=134570"}],"wp:term":[{"taxonomy":"category","embeddable":true,"href":"https:\/\/iparaiba.com.br\/index.php\/wp-json\/wp\/v2\/categories?post=134570"},{"taxonomy":"post_tag","embeddable":true,"href":"https:\/\/iparaiba.com.br\/index.php\/wp-json\/wp\/v2\/tags?post=134570"}],"curies":[{"name":"wp","href":"https:\/\/api.w.org\/{rel}","templated":true}]}}