{"id":134569,"date":"2025-03-02T08:19:26","date_gmt":"2025-03-02T11:19:26","guid":{"rendered":"https:\/\/onordeste.com.br\/?p=134562"},"modified":"2025-03-02T08:19:26","modified_gmt":"2025-03-02T11:19:26","slug":"governo-federal-reforca-combate-a-incendios","status":"publish","type":"post","link":"https:\/\/iparaiba.com.br\/index.php\/2025\/03\/02\/governo-federal-reforca-combate-a-incendios\/","title":{"rendered":"Governo Federal refor\u00e7a combate a inc\u00eandios"},"content":{"rendered":"<p dir=\"ltr\">O Governo Federal anunciou, nesta quinta-feira, 27 de fevereiro, as medidas que ser\u00e3o adotadas para combate a inc\u00eandios florestais neste ano. Entre elas, destaca-se a contrata\u00e7\u00e3o do maior contingente de brigadistas da hist\u00f3ria. No total, ser\u00e3o 4.608 profissionais organizados em 231 brigadas florestais federais. O an\u00fancio foi feito durante coletiva de imprensa na sede do Instituto Brasileiro do Meio Ambiente e dos Recursos Naturais Renov\u00e1veis (Ibama), em Bras\u00edlia (DF).<\/p>\n<p dir=\"ltr\">A ministra do Meio Ambiente e Mudan\u00e7a do Clima, Marina Silva, assinou uma portaria que declara emerg\u00eancia ambiental em \u00e1reas vulner\u00e1veis a inc\u00eandios florestais, com base em dados cient\u00edficos sobre os per\u00edodos cr\u00edticos de seca em diferentes regi\u00f5es do pa\u00eds. A decis\u00e3o permitir\u00e1 a contrata\u00e7\u00e3o emergencial de brigadistas e a implementa\u00e7\u00e3o de a\u00e7\u00f5es preventivas para minimizar os impactos das queimadas.<\/p>\n","protected":false},"excerpt":{"rendered":"<p>O Governo Federal anunciou, nesta quinta-feira, 27 de fevereiro, as medidas que ser\u00e3o adotadas para combate a inc\u00eandios florestais neste ano. Entre elas, destaca-se a contrata\u00e7\u00e3o do maior contingente de brigadistas da hist\u00f3ria. No total, ser\u00e3o 4.608 profissionais organizados em 231 brigadas florestais federais. O an\u00fancio foi feito durante coletiva de imprensa na sede do &hellip;<\/p>\n","protected":false},"author":1,"featured_media":98335,"comment_status":"open","ping_status":"open","sticky":false,"template":"","format":"standard","meta":{"footnotes":""},"categories":[7],"tags":[],"class_list":["post-134569","post","type-post","status-publish","format-standard","has-post-thumbnail","hentry","category-diversas"],"_links":{"self":[{"href":"https:\/\/iparaiba.com.br\/index.php\/wp-json\/wp\/v2\/posts\/134569","targetHints":{"allow":["GET"]}}],"collection":[{"href":"https:\/\/iparaiba.com.br\/index.php\/wp-json\/wp\/v2\/posts"}],"about":[{"href":"https:\/\/iparaiba.com.br\/index.php\/wp-json\/wp\/v2\/types\/post"}],"author":[{"embeddable":true,"href":"https:\/\/iparaiba.com.br\/index.php\/wp-json\/wp\/v2\/users\/1"}],"replies":[{"embeddable":true,"href":"https:\/\/iparaiba.com.br\/index.php\/wp-json\/wp\/v2\/comments?post=134569"}],"version-history":[{"count":1,"href":"https:\/\/iparaiba.com.br\/index.php\/wp-json\/wp\/v2\/posts\/134569\/revisions"}],"predecessor-version":[{"id":134592,"href":"https:\/\/iparaiba.com.br\/index.php\/wp-json\/wp\/v2\/posts\/134569\/revisions\/134592"}],"wp:featuredmedia":[{"embeddable":true,"href":"https:\/\/iparaiba.com.br\/index.php\/wp-json\/wp\/v2\/media\/98335"}],"wp:attachment":[{"href":"https:\/\/iparaiba.com.br\/index.php\/wp-json\/wp\/v2\/media?parent=134569"}],"wp:term":[{"taxonomy":"category","embeddable":true,"href":"https:\/\/iparaiba.com.br\/index.php\/wp-json\/wp\/v2\/categories?post=134569"},{"taxonomy":"post_tag","embeddable":true,"href":"https:\/\/iparaiba.com.br\/index.php\/wp-json\/wp\/v2\/tags?post=134569"}],"curies":[{"name":"wp","href":"https:\/\/api.w.org\/{rel}","templated":true}]}}