{"id":134568,"date":"2025-03-02T06:00:50","date_gmt":"2025-03-02T09:00:50","guid":{"rendered":"https:\/\/onordeste.com.br\/?p=134560"},"modified":"2025-03-02T06:00:50","modified_gmt":"2025-03-02T09:00:50","slug":"sinal-5g-chega-a-mais-de-800-municipios","status":"publish","type":"post","link":"https:\/\/iparaiba.com.br\/index.php\/2025\/03\/02\/sinal-5g-chega-a-mais-de-800-municipios\/","title":{"rendered":"Sinal 5G chega a mais de 800 munic\u00edpios"},"content":{"rendered":"<div class=\"texto-conteudo\">\n<div>\n<p>Inserido no Novo Programa de Acelera\u00e7\u00e3o do Crescimento (PAC) do Governo Federal, a expans\u00e3o do 5G j\u00e1 chegou a mais de 800 munic\u00edpios de Norte a Sul do Pa\u00eds. O Novo PAC tem investimentos para a implanta\u00e7\u00e3o do 5G em todas as 5,5 mil cidades do Brasil.<\/p>\n<p>\u201cO presidente Lula quer a inclus\u00e3o digital de todos os brasileiros, com a melhor tecnologia, para sermos competitivos em diversas \u00e1reas. O eixo de inclus\u00e3o e conectividade do Novo PAC \u00e9 essencial para esse Brasil mais inclusivo e conectado\u201d, disse o ministro das Comunica\u00e7\u00f5es, Juscelino Filho.<\/p>\n<p>O 5G est\u00e1 presente em 342 munic\u00edpios no Sudeste, em 222 no Sul, em 123 no Nordeste, em 71 no Centro-Oeste e em 54 no Norte. Ao todo s\u00e3o 812 cidades que contam com a tecnologia. S\u00e3o Paulo (165), Minas Gerais (109) e Paran\u00e1 (99) s\u00e3o os estados que lideram a expans\u00e3o da tecnologia.<\/p>\n<p>Os 812 munic\u00edpios ainda precisam ter a cobertura atestada pela Ag\u00eancia Nacional de Telecomunica\u00e7\u00f5es (Anatel) nos requerimentos de qualidade exigidos pelo Edital 5G, mas eles j\u00e1 apresentam o servi\u00e7o dispon\u00edvel, ainda que em cobertura reduzida.<\/p>\n<p>O eixo de inclus\u00e3o digital do Novo PAC, coordenado pelo Minist\u00e9rio das Comunica\u00e7\u00f5es, levar\u00e1 \u00e0 popula\u00e7\u00e3o mais internet de alta velocidade, conectividade \u00e0s escolas p\u00fablicas de educa\u00e7\u00e3o b\u00e1sica e beneficiar\u00e1 popula\u00e7\u00f5es que demandam melhor acesso \u00e0 internet.<\/p>\n<p>Al\u00e9m da expans\u00e3o do 4G e implanta\u00e7\u00e3o do 5G, fazem parte do eixo de inclus\u00e3o digital do Novo PAC os programas: Escolas Conectadas (conex\u00e3o de internet de qualidade nos quase 140 mil estabelecimentos da educa\u00e7\u00e3o b\u00e1sica do pa\u00eds), Norte Conectado (que leva internet \u00e0s \u00e1reas mais remotas do Brasil, no Norte, via cabos de fibra \u00f3tica subaqu\u00e1ticos), Brasil Digital (expans\u00e3o da transmiss\u00e3o de canais digitais) e a constru\u00e7\u00e3o de centros de servi\u00e7os postais (Correios) em locais estrat\u00e9gicos do Pa\u00eds.<\/p>\n<\/div>\n<\/div>\n<p><a class=\"materia-original\" href=\"https:\/\/www.gov.br\/mcom\/pt-br\/noticias\/2025\/fevereiro\/sinal-5g-chega-a-mais-de-800-municipios-brasileiros\" target=\"_blank\" rel=\"noopener\">Link: https:\/\/www.gov.br\/mcom\/pt-br\/noticias\/2025\/fevereiro\/sinal-5g-chega-a-mais-de-800-municipios-brasileiros<\/a><\/p>\n","protected":false},"excerpt":{"rendered":"<p>Inserido no Novo Programa de Acelera\u00e7\u00e3o do Crescimento (PAC) do Governo Federal, a expans\u00e3o do 5G j\u00e1 chegou a mais de 800 munic\u00edpios de Norte a Sul do Pa\u00eds. O Novo PAC tem investimentos para a implanta\u00e7\u00e3o do 5G em todas as 5,5 mil cidades do Brasil. \u201cO presidente Lula quer a inclus\u00e3o digital de &hellip;<\/p>\n","protected":false},"author":1,"featured_media":98327,"comment_status":"open","ping_status":"open","sticky":false,"template":"","format":"standard","meta":{"footnotes":""},"categories":[18],"tags":[],"class_list":["post-134568","post","type-post","status-publish","format-standard","has-post-thumbnail","hentry","category-brasil"],"_links":{"self":[{"href":"https:\/\/iparaiba.com.br\/index.php\/wp-json\/wp\/v2\/posts\/134568","targetHints":{"allow":["GET"]}}],"collection":[{"href":"https:\/\/iparaiba.com.br\/index.php\/wp-json\/wp\/v2\/posts"}],"about":[{"href":"https:\/\/iparaiba.com.br\/index.php\/wp-json\/wp\/v2\/types\/post"}],"author":[{"embeddable":true,"href":"https:\/\/iparaiba.com.br\/index.php\/wp-json\/wp\/v2\/users\/1"}],"replies":[{"embeddable":true,"href":"https:\/\/iparaiba.com.br\/index.php\/wp-json\/wp\/v2\/comments?post=134568"}],"version-history":[{"count":1,"href":"https:\/\/iparaiba.com.br\/index.php\/wp-json\/wp\/v2\/posts\/134568\/revisions"}],"predecessor-version":[{"id":134591,"href":"https:\/\/iparaiba.com.br\/index.php\/wp-json\/wp\/v2\/posts\/134568\/revisions\/134591"}],"wp:featuredmedia":[{"embeddable":true,"href":"https:\/\/iparaiba.com.br\/index.php\/wp-json\/wp\/v2\/media\/98327"}],"wp:attachment":[{"href":"https:\/\/iparaiba.com.br\/index.php\/wp-json\/wp\/v2\/media?parent=134568"}],"wp:term":[{"taxonomy":"category","embeddable":true,"href":"https:\/\/iparaiba.com.br\/index.php\/wp-json\/wp\/v2\/categories?post=134568"},{"taxonomy":"post_tag","embeddable":true,"href":"https:\/\/iparaiba.com.br\/index.php\/wp-json\/wp\/v2\/tags?post=134568"}],"curies":[{"name":"wp","href":"https:\/\/api.w.org\/{rel}","templated":true}]}}