{"id":134566,"date":"2025-03-01T16:07:32","date_gmt":"2025-03-01T19:07:32","guid":{"rendered":"https:\/\/onordeste.com.br\/?p=134556"},"modified":"2025-03-01T16:07:32","modified_gmt":"2025-03-01T19:07:32","slug":"mppb-ajuiza-acao-para-que-municipio-intensifique-combate-a-poluicao-sonora","status":"publish","type":"post","link":"https:\/\/iparaiba.com.br\/index.php\/2025\/03\/01\/mppb-ajuiza-acao-para-que-municipio-intensifique-combate-a-poluicao-sonora\/","title":{"rendered":"MPPB aju\u00edza a\u00e7\u00e3o para que Munic\u00edpio intensifique combate a polui\u00e7\u00e3o sonora"},"content":{"rendered":"<p>A A\u00e7\u00e3o 0810588-79.2025.8.15.2001 foi proposta pelo 42\u00ba promotor de Justi\u00e7a de Jo\u00e3o Pessoa, Edmilson de Campos Leite Filho, que atua na defesa do meio ambiente. Ela tramita na 2\u00aa Vara de Fazenda P\u00fablica da Capital e \u00e9 um desdobramento do Procedimento Administrativo 002.2021.022945, instaurado pelo MPPB para acompanhar a atua\u00e7\u00e3o dos \u00f3rg\u00e3os ambientais municipais no exerc\u00edcio do poder de pol\u00edcia, sobretudo em rela\u00e7\u00e3o \u00e0 fiscaliza\u00e7\u00e3o e \u00e0 repress\u00e3o da polui\u00e7\u00e3o sonora e da perturba\u00e7\u00e3o do sossego provocadas por estabelecimentos comerciais, como bares, restaurantes e casas de festas.<\/p>\n<p>Conforme explicou o promotor de Justi\u00e7a, desde a sua instaura\u00e7\u00e3o, o procedimento revelou uma s\u00e9rie de irregularidades no processo de licenciamento ambiental conduzido pela Secretaria Municipal de Meio Ambiente de Jo\u00e3o Pessoa (Semam-JP), que vinha adotando um procedimento administrativo simplificado e autodeclarat\u00f3rio para conceder licen\u00e7as ambientais a estabelecimentos que utilizam aparelhos de som amplificados sem isolamento ac\u00fastico adequado. Com isso, estabelecimentos potencialmente poluidores receberam autoriza\u00e7\u00e3o autom\u00e1tica para funcionamento, sem a an\u00e1lise t\u00e9cnica adequada.<\/p>\n","protected":false},"excerpt":{"rendered":"<p>A A\u00e7\u00e3o 0810588-79.2025.8.15.2001 foi proposta pelo 42\u00ba promotor de Justi\u00e7a de Jo\u00e3o Pessoa, Edmilson de Campos Leite Filho, que atua na defesa do meio ambiente. Ela tramita na 2\u00aa Vara de Fazenda P\u00fablica da Capital e \u00e9 um desdobramento do Procedimento Administrativo 002.2021.022945, instaurado pelo MPPB para acompanhar a atua\u00e7\u00e3o dos \u00f3rg\u00e3os ambientais municipais no &hellip;<\/p>\n","protected":false},"author":1,"featured_media":108444,"comment_status":"open","ping_status":"open","sticky":false,"template":"","format":"standard","meta":{"footnotes":""},"categories":[9],"tags":[],"class_list":["post-134566","post","type-post","status-publish","format-standard","has-post-thumbnail","hentry","category-justica"],"_links":{"self":[{"href":"https:\/\/iparaiba.com.br\/index.php\/wp-json\/wp\/v2\/posts\/134566","targetHints":{"allow":["GET"]}}],"collection":[{"href":"https:\/\/iparaiba.com.br\/index.php\/wp-json\/wp\/v2\/posts"}],"about":[{"href":"https:\/\/iparaiba.com.br\/index.php\/wp-json\/wp\/v2\/types\/post"}],"author":[{"embeddable":true,"href":"https:\/\/iparaiba.com.br\/index.php\/wp-json\/wp\/v2\/users\/1"}],"replies":[{"embeddable":true,"href":"https:\/\/iparaiba.com.br\/index.php\/wp-json\/wp\/v2\/comments?post=134566"}],"version-history":[{"count":1,"href":"https:\/\/iparaiba.com.br\/index.php\/wp-json\/wp\/v2\/posts\/134566\/revisions"}],"predecessor-version":[{"id":134589,"href":"https:\/\/iparaiba.com.br\/index.php\/wp-json\/wp\/v2\/posts\/134566\/revisions\/134589"}],"wp:featuredmedia":[{"embeddable":true,"href":"https:\/\/iparaiba.com.br\/index.php\/wp-json\/wp\/v2\/media\/108444"}],"wp:attachment":[{"href":"https:\/\/iparaiba.com.br\/index.php\/wp-json\/wp\/v2\/media?parent=134566"}],"wp:term":[{"taxonomy":"category","embeddable":true,"href":"https:\/\/iparaiba.com.br\/index.php\/wp-json\/wp\/v2\/categories?post=134566"},{"taxonomy":"post_tag","embeddable":true,"href":"https:\/\/iparaiba.com.br\/index.php\/wp-json\/wp\/v2\/tags?post=134566"}],"curies":[{"name":"wp","href":"https:\/\/api.w.org\/{rel}","templated":true}]}}