{"id":134564,"date":"2025-03-01T12:04:55","date_gmt":"2025-03-01T15:04:55","guid":{"rendered":"https:\/\/onordeste.com.br\/?p=134552"},"modified":"2025-03-01T12:04:55","modified_gmt":"2025-03-01T15:04:55","slug":"policia-prende-foragido-envolvido-em-ataque-a-agentes","status":"publish","type":"post","link":"https:\/\/iparaiba.com.br\/index.php\/2025\/03\/01\/policia-prende-foragido-envolvido-em-ataque-a-agentes\/","title":{"rendered":"Pol\u00edcia prende foragido envolvido em ataque a agentes"},"content":{"rendered":"<p data-start=\"0\" data-end=\"174\"><strong>Natal\/RN.<\/strong> Em uma opera\u00e7\u00e3o conjunta as For\u00e7as de Seguran\u00e7a do Rio Grande do Norte \u2013 Pol\u00edcia Federal (PF), Receita Federal (RFB), Pol\u00edcia Rodovi\u00e1ria Federal (PRF) e Pol\u00edcia Civil (PC\/RN) \u2013 com apoio da Secretaria de Justi\u00e7a e Seguran\u00e7a P\u00fablica de Minas Gerais (SEJUSP\/MG), prenderam\u00a0 um foragido da Justi\u00e7a e integrante de organiza\u00e7\u00e3o criminosa.<\/p>\n<p data-start=\"646\" data-end=\"1077\">Ele estava foragido desde 18\/9\/24, quando participou de uma tentativa de homic\u00eddio contra policiais civis da Divis\u00e3o Especializada em Investiga\u00e7\u00e3o e Combate ao Crime Organizado (DEICOR) e servidores da Receita Federal. Na ocasi\u00e3o, ele e o l\u00edder da organiza\u00e7\u00e3o criminosa escoltavam uma carga de cigarros contrabandeados e abriram fogo contra os agentes, na tentativa de assegurar o \u00eaxito da empreitada criminosa.<\/p>\n<p data-start=\"1079\" data-end=\"1307\">Ap\u00f3s os tr\u00e2mites legais, o preso ser\u00e1 transferido para o Rio Grande do Norte. As investiga\u00e7\u00f5es seguem em andamento para identificar outros envolvidos. O mandado de pris\u00e3o preventiva foi expedido pela Justi\u00e7a Federal do RN.<\/p>\n<p data-start=\"1309\" data-end=\"1444\">A opera\u00e7\u00e3o refor\u00e7a o compromisso das for\u00e7as de seguran\u00e7a na repress\u00e3o ao crime organizado e na responsabiliza\u00e7\u00e3o de seus integrantes.<\/p>\n<p><em>Comunica\u00e7\u00e3o Social da Pol\u00edcia Federal no Rio Grande do Norte<\/em><\/p>\n","protected":false},"excerpt":{"rendered":"<p>Natal\/RN. Em uma opera\u00e7\u00e3o conjunta as For\u00e7as de Seguran\u00e7a do Rio Grande do Norte \u2013 Pol\u00edcia Federal (PF), Receita Federal (RFB), Pol\u00edcia Rodovi\u00e1ria Federal (PRF) e Pol\u00edcia Civil (PC\/RN) \u2013 com apoio da Secretaria de Justi\u00e7a e Seguran\u00e7a P\u00fablica de Minas Gerais (SEJUSP\/MG), prenderam\u00a0 um foragido da Justi\u00e7a e integrante de organiza\u00e7\u00e3o criminosa. Ele estava &hellip;<\/p>\n","protected":false},"author":1,"featured_media":123283,"comment_status":"open","ping_status":"open","sticky":false,"template":"","format":"standard","meta":{"footnotes":""},"categories":[13],"tags":[],"class_list":["post-134564","post","type-post","status-publish","format-standard","has-post-thumbnail","hentry","category-policial"],"_links":{"self":[{"href":"https:\/\/iparaiba.com.br\/index.php\/wp-json\/wp\/v2\/posts\/134564","targetHints":{"allow":["GET"]}}],"collection":[{"href":"https:\/\/iparaiba.com.br\/index.php\/wp-json\/wp\/v2\/posts"}],"about":[{"href":"https:\/\/iparaiba.com.br\/index.php\/wp-json\/wp\/v2\/types\/post"}],"author":[{"embeddable":true,"href":"https:\/\/iparaiba.com.br\/index.php\/wp-json\/wp\/v2\/users\/1"}],"replies":[{"embeddable":true,"href":"https:\/\/iparaiba.com.br\/index.php\/wp-json\/wp\/v2\/comments?post=134564"}],"version-history":[{"count":1,"href":"https:\/\/iparaiba.com.br\/index.php\/wp-json\/wp\/v2\/posts\/134564\/revisions"}],"predecessor-version":[{"id":134587,"href":"https:\/\/iparaiba.com.br\/index.php\/wp-json\/wp\/v2\/posts\/134564\/revisions\/134587"}],"wp:featuredmedia":[{"embeddable":true,"href":"https:\/\/iparaiba.com.br\/index.php\/wp-json\/wp\/v2\/media\/123283"}],"wp:attachment":[{"href":"https:\/\/iparaiba.com.br\/index.php\/wp-json\/wp\/v2\/media?parent=134564"}],"wp:term":[{"taxonomy":"category","embeddable":true,"href":"https:\/\/iparaiba.com.br\/index.php\/wp-json\/wp\/v2\/categories?post=134564"},{"taxonomy":"post_tag","embeddable":true,"href":"https:\/\/iparaiba.com.br\/index.php\/wp-json\/wp\/v2\/tags?post=134564"}],"curies":[{"name":"wp","href":"https:\/\/api.w.org\/{rel}","templated":true}]}}