{"id":134560,"date":"2025-02-28T17:00:21","date_gmt":"2025-02-28T20:00:21","guid":{"rendered":"https:\/\/onordeste.com.br\/?p=134544"},"modified":"2025-02-28T17:00:21","modified_gmt":"2025-02-28T20:00:21","slug":"iniciado-protocolo-de-prevencao-de-bronquiolite-com-aplicacao-da-primeira-dose","status":"publish","type":"post","link":"https:\/\/iparaiba.com.br\/index.php\/2025\/02\/28\/iniciado-protocolo-de-prevencao-de-bronquiolite-com-aplicacao-da-primeira-dose\/","title":{"rendered":"Iniciado protocolo de preven\u00e7\u00e3o de bronquiolite com aplica\u00e7\u00e3o da primeira dose"},"content":{"rendered":"<p>A Para\u00edba iniciou, nesta ter\u00e7a-feira (25), a aplica\u00e7\u00e3o do Palivizumabe, um medicamento (anticorpo) que atua protegendo contra o v\u00edrus sincicial respirat\u00f3rio (VSR), respons\u00e1vel pela maioria dos casos de infec\u00e7\u00f5es do trato respirat\u00f3rio em beb\u00eas e que podem evoluir para formas graves, com risco de \u00f3bito em alguns casos. Ser\u00e3o contempladas crian\u00e7as que atendem aos crit\u00e9rios estabelecidos pelo Minist\u00e9rio da Sa\u00fade (MS) e\/ou se enquadram nos requisitos do protocolo ampliado institu\u00eddo pela Para\u00edba.<\/p>\n<p>De acordo com o Minist\u00e9rio da Sa\u00fade, crian\u00e7as prematuras nascidas com menos de 29 semanas de gesta\u00e7\u00e3o (at\u00e9 28 semanas e 6 dias), com idade inferior a 1 ano; e crian\u00e7as com idade inferior a 2 anos que tenham doen\u00e7a pulmonar cr\u00f4nica ou cardiopatia cong\u00eanita, devem receber cinco doses do medicamento entre os meses de fevereiro e junho. Na Para\u00edba, o p\u00fablico-alvo contempla tamb\u00e9m as crian\u00e7as prematuras nascidas com 29 at\u00e9 30 semanas e 6 dias de gesta\u00e7\u00e3o.<\/p>\n<p>Em Jo\u00e3o Pessoa, o servi\u00e7o de refer\u00eancia para aplica\u00e7\u00e3o do medicamento \u00e9 a maternidade Frei Dami\u00e3o. A pediatra Cristina Arnaud, que estava realizando os atendimentos pr\u00e9vios para aplica\u00e7\u00e3o do medicamento na Maternidade Frei Dami\u00e3o, explica como o medicamento age. \u201cO v\u00edrus sincicial respirat\u00f3rio \u00e9 o principal agente causador das bronquiolites e o Palivizumabe \u00e9 um anticorpo que combate esse v\u00edrus, principalmente as formas graves\u201d.<\/p>\n<p>Ela destaca que \u00e9 importante aplicar atitudes simples que ajudam a evitar o cont\u00e1gio. \u201cAs fam\u00edlias precisam manter os cuidados b\u00e1sicos de etiqueta respirat\u00f3ria, evitar contato dos beb\u00eas com pessoas doentes e ambientes com aglomera\u00e7\u00f5es\u201d. A pediatra destaca que as crian\u00e7as com maior potencial de adoecimento s\u00e3o as prematuras, aquelas que apresentam doen\u00e7a pulmonar e as cardiopatas.<\/p>\n","protected":false},"excerpt":{"rendered":"<p>A Para\u00edba iniciou, nesta ter\u00e7a-feira (25), a aplica\u00e7\u00e3o do Palivizumabe, um medicamento (anticorpo) que atua protegendo contra o v\u00edrus sincicial respirat\u00f3rio (VSR), respons\u00e1vel pela maioria dos casos de infec\u00e7\u00f5es do trato respirat\u00f3rio em beb\u00eas e que podem evoluir para formas graves, com risco de \u00f3bito em alguns casos. Ser\u00e3o contempladas crian\u00e7as que atendem aos crit\u00e9rios &hellip;<\/p>\n","protected":false},"author":1,"featured_media":109547,"comment_status":"open","ping_status":"open","sticky":false,"template":"","format":"standard","meta":{"footnotes":""},"categories":[2],"tags":[],"class_list":["post-134560","post","type-post","status-publish","format-standard","has-post-thumbnail","hentry","category-saude"],"_links":{"self":[{"href":"https:\/\/iparaiba.com.br\/index.php\/wp-json\/wp\/v2\/posts\/134560","targetHints":{"allow":["GET"]}}],"collection":[{"href":"https:\/\/iparaiba.com.br\/index.php\/wp-json\/wp\/v2\/posts"}],"about":[{"href":"https:\/\/iparaiba.com.br\/index.php\/wp-json\/wp\/v2\/types\/post"}],"author":[{"embeddable":true,"href":"https:\/\/iparaiba.com.br\/index.php\/wp-json\/wp\/v2\/users\/1"}],"replies":[{"embeddable":true,"href":"https:\/\/iparaiba.com.br\/index.php\/wp-json\/wp\/v2\/comments?post=134560"}],"version-history":[{"count":1,"href":"https:\/\/iparaiba.com.br\/index.php\/wp-json\/wp\/v2\/posts\/134560\/revisions"}],"predecessor-version":[{"id":134583,"href":"https:\/\/iparaiba.com.br\/index.php\/wp-json\/wp\/v2\/posts\/134560\/revisions\/134583"}],"wp:featuredmedia":[{"embeddable":true,"href":"https:\/\/iparaiba.com.br\/index.php\/wp-json\/wp\/v2\/media\/109547"}],"wp:attachment":[{"href":"https:\/\/iparaiba.com.br\/index.php\/wp-json\/wp\/v2\/media?parent=134560"}],"wp:term":[{"taxonomy":"category","embeddable":true,"href":"https:\/\/iparaiba.com.br\/index.php\/wp-json\/wp\/v2\/categories?post=134560"},{"taxonomy":"post_tag","embeddable":true,"href":"https:\/\/iparaiba.com.br\/index.php\/wp-json\/wp\/v2\/tags?post=134560"}],"curies":[{"name":"wp","href":"https:\/\/api.w.org\/{rel}","templated":true}]}}