{"id":134532,"date":"2025-02-24T11:43:00","date_gmt":"2025-02-24T14:43:00","guid":{"rendered":"https:\/\/onordeste.com.br\/?p=134480"},"modified":"2025-02-24T11:43:00","modified_gmt":"2025-02-24T14:43:00","slug":"alpb-debate-fortalecimento-da-associacao-de-pequenos-escritorios-de-advocacia","status":"publish","type":"post","link":"https:\/\/iparaiba.com.br\/index.php\/2025\/02\/24\/alpb-debate-fortalecimento-da-associacao-de-pequenos-escritorios-de-advocacia\/","title":{"rendered":"ALPB debate fortalecimento da Associa\u00e7\u00e3o de Pequenos Escrit\u00f3rios de Advocacia"},"content":{"rendered":"<p>A Assembleia Legislativa da Para\u00edba (ALPB) realizou audi\u00eancia p\u00fablica proposta pelo deputado Michel Henrique, para discutir a cria\u00e7\u00e3o, instala\u00e7\u00e3o e apresenta\u00e7\u00e3o da primeira diretoria da Associa\u00e7\u00e3o de Pequenos Escrit\u00f3rios de Advocacia (APEA). O evento aconteceu no plen\u00e1rio \u201cDeputado Jos\u00e9 Mariz\u201d e reuniu agentes p\u00fablicos advogados de todo o estado, e demais interessados na valoriza\u00e7\u00e3o da advocacia aut\u00f4noma.<\/p>\n<p>Na justificativa para realiza\u00e7\u00e3o encontro, o parlamentar, que tamb\u00e9m \u00e9 advogado e presidente da Frente Parlamentar em Defesa da Advocacia na ALPB, ressalta a import\u00e2ncia da nova associa\u00e7\u00e3o para fortalecer os advogados aut\u00f4nomos e pequenos escrit\u00f3rios.<\/p>\n<p>\u201cA APEA surge como uma ferramenta essencial para garantir mais direitos e oportunidades para esses profissionais, permitindo um maior di\u00e1logo com as institui\u00e7\u00f5es e \u00f3rg\u00e3os de classe e promovendo suporte jur\u00eddico, capacita\u00e7\u00f5es e melhores condi\u00e7\u00f5es de trabalho para a categoria\u201d, disse Michel Henrique, enfatizando que \u201ca cria\u00e7\u00e3o da entidade \u00e9 uma aglutina\u00e7\u00e3o de for\u00e7as, para junto com a OAB, lutar pelos interesses da advocacia\u201d.<\/p>\n","protected":false},"excerpt":{"rendered":"<p>A Assembleia Legislativa da Para\u00edba (ALPB) realizou audi\u00eancia p\u00fablica proposta pelo deputado Michel Henrique, para discutir a cria\u00e7\u00e3o, instala\u00e7\u00e3o e apresenta\u00e7\u00e3o da primeira diretoria da Associa\u00e7\u00e3o de Pequenos Escrit\u00f3rios de Advocacia (APEA). O evento aconteceu no plen\u00e1rio \u201cDeputado Jos\u00e9 Mariz\u201d e reuniu agentes p\u00fablicos advogados de todo o estado, e demais interessados na valoriza\u00e7\u00e3o da &hellip;<\/p>\n","protected":false},"author":1,"featured_media":107582,"comment_status":"open","ping_status":"open","sticky":false,"template":"","format":"standard","meta":{"footnotes":""},"categories":[9],"tags":[],"class_list":["post-134532","post","type-post","status-publish","format-standard","has-post-thumbnail","hentry","category-justica"],"_links":{"self":[{"href":"https:\/\/iparaiba.com.br\/index.php\/wp-json\/wp\/v2\/posts\/134532","targetHints":{"allow":["GET"]}}],"collection":[{"href":"https:\/\/iparaiba.com.br\/index.php\/wp-json\/wp\/v2\/posts"}],"about":[{"href":"https:\/\/iparaiba.com.br\/index.php\/wp-json\/wp\/v2\/types\/post"}],"author":[{"embeddable":true,"href":"https:\/\/iparaiba.com.br\/index.php\/wp-json\/wp\/v2\/users\/1"}],"replies":[{"embeddable":true,"href":"https:\/\/iparaiba.com.br\/index.php\/wp-json\/wp\/v2\/comments?post=134532"}],"version-history":[{"count":0,"href":"https:\/\/iparaiba.com.br\/index.php\/wp-json\/wp\/v2\/posts\/134532\/revisions"}],"wp:featuredmedia":[{"embeddable":true,"href":"https:\/\/iparaiba.com.br\/index.php\/wp-json\/wp\/v2\/media\/107582"}],"wp:attachment":[{"href":"https:\/\/iparaiba.com.br\/index.php\/wp-json\/wp\/v2\/media?parent=134532"}],"wp:term":[{"taxonomy":"category","embeddable":true,"href":"https:\/\/iparaiba.com.br\/index.php\/wp-json\/wp\/v2\/categories?post=134532"},{"taxonomy":"post_tag","embeddable":true,"href":"https:\/\/iparaiba.com.br\/index.php\/wp-json\/wp\/v2\/tags?post=134532"}],"curies":[{"name":"wp","href":"https:\/\/api.w.org\/{rel}","templated":true}]}}