{"id":134530,"date":"2025-02-24T11:39:24","date_gmt":"2025-02-24T14:39:24","guid":{"rendered":"https:\/\/onordeste.com.br\/?p=134476"},"modified":"2025-02-24T11:39:24","modified_gmt":"2025-02-24T14:39:24","slug":"paraiba-e-referencia-na-execucao-de-politicas-de-educacao-em-saude-e-educacao-sanitaria","status":"publish","type":"post","link":"https:\/\/iparaiba.com.br\/index.php\/2025\/02\/24\/paraiba-e-referencia-na-execucao-de-politicas-de-educacao-em-saude-e-educacao-sanitaria\/","title":{"rendered":"Para\u00edba \u00e9 refer\u00eancia na execu\u00e7\u00e3o de Pol\u00edticas de Educa\u00e7\u00e3o em Sa\u00fade e Educa\u00e7\u00e3o Sanit\u00e1ria"},"content":{"rendered":"<p style=\"font-weight: 400;\">O Estado da Para\u00edba continua se destacando e se consolidando no cen\u00e1rio nacional como refer\u00eancia na ado\u00e7\u00e3o e execu\u00e7\u00e3o de Pol\u00edticas de Educa\u00e7\u00e3o em Sa\u00fade e Educa\u00e7\u00e3o Sanit\u00e1ria destinadas a fortalecer a promo\u00e7\u00e3o, a prote\u00e7\u00e3o e a recupera\u00e7\u00e3o da sa\u00fade p\u00fablica, contribuindo, assim, para a redu\u00e7\u00e3o dos riscos de doen\u00e7as e outros agravos, nos moldes preconizados pela Constitui\u00e7\u00e3o Federal de 1988 e pela Lei n\u00b0 8.080\/1990 (Lei do SUS).<\/p>\n<p style=\"font-weight: 400;\">Ap\u00f3s participa\u00e7\u00e3o na 1\u00aa reuni\u00e3o de planejamento do Plano Diretor de Educa\u00e7\u00e3o Permanente para o Sistema Nacional de Vigil\u00e2ncia Sanit\u00e1ria (PDEP-Visa), realizada na quinta-feira (20), o diretor-geral da Ag\u00eancia Estadual de Vigil\u00e2ncia Sanit\u00e1ria, Geraldo Moreira de Menezes, observou que \u201ca posi\u00e7\u00e3o de destaque da Para\u00edba no cen\u00e1rio nacional reflete, n\u00e3o somente o esfor\u00e7o e profissionalismo que marcam o cotidiano da Secretaria de Estado da Sa\u00fade e da Agevisa\/PB, mas, especialmente, o apoio pessoal do governador Jo\u00e3o Azev\u00eado, cujo compromisso \u00e9 garantir e manter, em todo o Estado, um sistema de sa\u00fade eficiente e bem preparado para enfrentar os desafios presentes e futuros, com a participa\u00e7\u00e3o efetiva de todos os \u00f3rg\u00e3os que integram a estrutura estadual de sa\u00fade\u201d.<\/p>\n<p style=\"font-weight: 400;\">A reuni\u00e3o de planejamento do PDEP-Visa contou com a participa\u00e7\u00e3o de especialistas, gestores e profissionais da \u00e1rea e teve como ponto central a discuss\u00e3o de diretrizes e estrat\u00e9gias destinadas a fortalecer a educa\u00e7\u00e3o e o treinamento cont\u00ednuo dos respons\u00e1veis pela execu\u00e7\u00e3o das a\u00e7\u00f5es de Vigil\u00e2ncia Sanit\u00e1ria em todo o Pa\u00eds. O PDEP-Visa tem como objetivo promover a qualifica\u00e7\u00e3o e a capacita\u00e7\u00e3o permanente dos trabalhadores do Sistema Nacional de Vigil\u00e2ncia Sanit\u00e1ria, promovendo a melhoria cont\u00ednua dos servi\u00e7os prestados \u00e0 popula\u00e7\u00e3o.<\/p>\n<p style=\"font-weight: 400;\"><strong>Educa\u00e7\u00e3o permanente \u2013<\/strong>\u00a0A gerente de Educa\u00e7\u00e3o Continuada e Permanente em Sa\u00fade e Projetos da Agevisa\/PB, professora-Dr\u00aa Ros\u00e2ngela Guimar\u00e3es de Oliveira, tamb\u00e9m participou da reuni\u00e3o. Ela ressaltou que a presen\u00e7a da Para\u00edba nas discuss\u00f5es do Plano Diretor de Educa\u00e7\u00e3o Permanente para o Sistema Nacional de Vigil\u00e2ncia Sanit\u00e1ria \u00e9 um reflexo do esfor\u00e7o do Estado em buscar inova\u00e7\u00e3o e excel\u00eancia no cuidado com a sa\u00fade da popula\u00e7\u00e3o, e demonstra o protagonismo no desenvolvimento de pr\u00e1ticas educacionais e sanit\u00e1rias que podem servir de modelo para outras Unidades da Federa\u00e7\u00e3o.<\/p>\n<p style=\"font-weight: 400;\">\u201cAo participar ativamente das discuss\u00f5es de planejamento do Plano Diretor de Educa\u00e7\u00e3o Permanente para o SNVS, a Para\u00edba reafirma o seu compromisso com a melhoria da sa\u00fade p\u00fablica e com o fortalecimento das pol\u00edticas de Vigil\u00e2ncia Sanit\u00e1ria. E nossa expectativa \u00e9 que a implementa\u00e7\u00e3o do PDEP-Visa continue a fortalecer a Vigil\u00e2ncia Sanit\u00e1ria em todo o Brasil, com a Para\u00edba desempenhando um papel de lideran\u00e7a e inspira\u00e7\u00e3o\u201d, enfatizou.<\/p>\n<p style=\"font-weight: 400;\">A professora Ros\u00e2ngela acrescentou que a educa\u00e7\u00e3o permanente tem sido um dos pilares da gest\u00e3o da Vigil\u00e2ncia Sanit\u00e1ria no Estado da Para\u00edba, com iniciativas que buscam integrar, educar e capacitar os profissionais de sa\u00fade para lidar com os desafios impostos pela sa\u00fade p\u00fablica.<\/p>\n<p style=\"font-weight: 400;\"><strong>Capacita\u00e7\u00e3o das Visas Municipais \u2013<\/strong>\u00a0Como parte das a\u00e7\u00f5es de capacita\u00e7\u00e3o promovidas pelo Governo do Estado, a Agevisa\/PB promoveu duas Oficinas sobre Diretrizes para Cria\u00e7\u00e3o e\/ou Atualiza\u00e7\u00e3o de C\u00f3digos Sanit\u00e1rios destinadas a capacitar profissionais coordenadores e fiscais sanit\u00e1rios das Visas Municipais dos munic\u00edpios integrantes da 1\u00aa e 2\u00aa Regi\u00f5es de Sa\u00fade do Estado.<\/p>\n<p style=\"font-weight: 400;\">Na primeira Macro, integrada por 64 cidades e polarizada pelo munic\u00edpio de Jo\u00e3o Pessoa, as Oficinas foram realizadas entre os dias 12 e 14 de fevereiro, com abertura no Audit\u00f3rio do Senac (Servi\u00e7o Nacional de Aprendizagem Comercial) e continuidade no Audit\u00f3rio da Agevisa\/PB, na Avenida Jo\u00e3o Machado, n\u00ba 109 &#8211; 1\u00ba Andar.<\/p>\n<p style=\"font-weight: 400;\">Na segunda Macrorregi\u00e3o, composta por 70 munic\u00edpios, os trabalhos foram realizados nos per\u00edodos da manh\u00e3 e tarde dos dias 17, 18 e 19 de fevereiro, no Audit\u00f3rio do Sesc (Servi\u00e7o Social do Com\u00e9rcio), \u00e0 Avenida Gil\u00f3 Guedes, n\u00ba 650, no Centro de Campina Grande.<\/p>\n<p style=\"font-weight: 400;\">Na terceira Macrorregi\u00e3o de Sa\u00fade, polarizada pelo Munic\u00edpio de Patos, as Oficinas ser\u00e3o realizadas em datas ainda a serem definidas.<\/p>\n<p style=\"font-weight: 400;\"><strong>Sobre as Oficinas \u2013<\/strong>\u00a0O Curso para implanta\u00e7\u00e3o das Diretrizes constante do Manual do C\u00f3digo Sanit\u00e1rio para o Sistema Nacional da Vigil\u00e2ncia Sanit\u00e1ria (SNVS\/Anvisa) \u00e9 ministrado pela advogada especialista em Direito Sanit\u00e1rio, Seguran\u00e7a do Paciente e Direito Administrativo, Lindinalva Helena Barbosa Teixeira, consultora da Ag\u00eancia Nacional de Vigil\u00e2ncia Sanit\u00e1ria (Anvisa) na \u00e1rea de Direito Sanit\u00e1rio, e conta com a participa\u00e7\u00e3o da psic\u00f3loga Claudiene Deolindo Vital Teixeira, respons\u00e1vel pela discuss\u00e3o relacionada \u00e0s emo\u00e7\u00f5es dos inspetores\/fiscais sanit\u00e1rios no exerc\u00edcio da profiss\u00e3o.<\/p>\n","protected":false},"excerpt":{"rendered":"<p>O Estado da Para\u00edba continua se destacando e se consolidando no cen\u00e1rio nacional como refer\u00eancia na ado\u00e7\u00e3o e execu\u00e7\u00e3o de Pol\u00edticas de Educa\u00e7\u00e3o em Sa\u00fade e Educa\u00e7\u00e3o Sanit\u00e1ria destinadas a fortalecer a promo\u00e7\u00e3o, a prote\u00e7\u00e3o e a recupera\u00e7\u00e3o da sa\u00fade p\u00fablica, contribuindo, assim, para a redu\u00e7\u00e3o dos riscos de doen\u00e7as e outros agravos, nos moldes &hellip;<\/p>\n","protected":false},"author":1,"featured_media":116528,"comment_status":"open","ping_status":"open","sticky":false,"template":"","format":"standard","meta":{"footnotes":""},"categories":[15,11],"tags":[],"class_list":["post-134530","post","type-post","status-publish","format-standard","has-post-thumbnail","hentry","category-links","category-educacao"],"_links":{"self":[{"href":"https:\/\/iparaiba.com.br\/index.php\/wp-json\/wp\/v2\/posts\/134530","targetHints":{"allow":["GET"]}}],"collection":[{"href":"https:\/\/iparaiba.com.br\/index.php\/wp-json\/wp\/v2\/posts"}],"about":[{"href":"https:\/\/iparaiba.com.br\/index.php\/wp-json\/wp\/v2\/types\/post"}],"author":[{"embeddable":true,"href":"https:\/\/iparaiba.com.br\/index.php\/wp-json\/wp\/v2\/users\/1"}],"replies":[{"embeddable":true,"href":"https:\/\/iparaiba.com.br\/index.php\/wp-json\/wp\/v2\/comments?post=134530"}],"version-history":[{"count":0,"href":"https:\/\/iparaiba.com.br\/index.php\/wp-json\/wp\/v2\/posts\/134530\/revisions"}],"wp:featuredmedia":[{"embeddable":true,"href":"https:\/\/iparaiba.com.br\/index.php\/wp-json\/wp\/v2\/media\/116528"}],"wp:attachment":[{"href":"https:\/\/iparaiba.com.br\/index.php\/wp-json\/wp\/v2\/media?parent=134530"}],"wp:term":[{"taxonomy":"category","embeddable":true,"href":"https:\/\/iparaiba.com.br\/index.php\/wp-json\/wp\/v2\/categories?post=134530"},{"taxonomy":"post_tag","embeddable":true,"href":"https:\/\/iparaiba.com.br\/index.php\/wp-json\/wp\/v2\/tags?post=134530"}],"curies":[{"name":"wp","href":"https:\/\/api.w.org\/{rel}","templated":true}]}}