{"id":134529,"date":"2025-02-24T11:38:05","date_gmt":"2025-02-24T14:38:05","guid":{"rendered":"https:\/\/onordeste.com.br\/?p=134474"},"modified":"2025-02-24T11:38:05","modified_gmt":"2025-02-24T14:38:05","slug":"estado-paga-servidores","status":"publish","type":"post","link":"https:\/\/iparaiba.com.br\/index.php\/2025\/02\/24\/estado-paga-servidores\/","title":{"rendered":"Estado paga servidores"},"content":{"rendered":"<p>O pagamento dos servidores estaduais referente ao m\u00eas de fevereiro come\u00e7a nesta quinta-feira (27), quando recebem aposentados e pensionistas; e segue na sexta-feira (28), com o pagamento dos servidores da ativa. Ser\u00e3o injetados mais de R$ 783.629.246,49 na economia paraibana, valor esse que inclui os reajustes anunciados pelo governo em janeiro.<\/p>\n<p>A Secretaria de Estado da Administra\u00e7\u00e3o ressalta que o reajuste salarial linear de 5% ser\u00e1 pago nesta folha de fevereiro com o adicional retroativo de 1\u00ba de janeiro, ou seja, os servidores receber\u00e3o seus sal\u00e1rios atualizados em fevereiro, com o adicional da diferen\u00e7a relativa ao m\u00eas de janeiro, quando o reajuste entrou em vigor.<\/p>\n<p><strong>Calend\u00e1rio<\/strong><br \/>\n27\/02 \u2013 pagamento dos sal\u00e1rios de dezembro dos servidores aposentados, pensionistas e reformados<\/p>\n<p>28\/02 \u2013 pagamento dos sal\u00e1rios de dezembro dos servidores da ativa das administra\u00e7\u00f5es direta e indireta<\/p>\n","protected":false},"excerpt":{"rendered":"<p>O pagamento dos servidores estaduais referente ao m\u00eas de fevereiro come\u00e7a nesta quinta-feira (27), quando recebem aposentados e pensionistas; e segue na sexta-feira (28), com o pagamento dos servidores da ativa. Ser\u00e3o injetados mais de R$ 783.629.246,49 na economia paraibana, valor esse que inclui os reajustes anunciados pelo governo em janeiro. A Secretaria de Estado &hellip;<\/p>\n","protected":false},"author":1,"featured_media":108450,"comment_status":"open","ping_status":"open","sticky":false,"template":"","format":"standard","meta":{"footnotes":""},"categories":[12],"tags":[],"class_list":["post-134529","post","type-post","status-publish","format-standard","has-post-thumbnail","hentry","category-emprego"],"_links":{"self":[{"href":"https:\/\/iparaiba.com.br\/index.php\/wp-json\/wp\/v2\/posts\/134529","targetHints":{"allow":["GET"]}}],"collection":[{"href":"https:\/\/iparaiba.com.br\/index.php\/wp-json\/wp\/v2\/posts"}],"about":[{"href":"https:\/\/iparaiba.com.br\/index.php\/wp-json\/wp\/v2\/types\/post"}],"author":[{"embeddable":true,"href":"https:\/\/iparaiba.com.br\/index.php\/wp-json\/wp\/v2\/users\/1"}],"replies":[{"embeddable":true,"href":"https:\/\/iparaiba.com.br\/index.php\/wp-json\/wp\/v2\/comments?post=134529"}],"version-history":[{"count":0,"href":"https:\/\/iparaiba.com.br\/index.php\/wp-json\/wp\/v2\/posts\/134529\/revisions"}],"wp:featuredmedia":[{"embeddable":true,"href":"https:\/\/iparaiba.com.br\/index.php\/wp-json\/wp\/v2\/media\/108450"}],"wp:attachment":[{"href":"https:\/\/iparaiba.com.br\/index.php\/wp-json\/wp\/v2\/media?parent=134529"}],"wp:term":[{"taxonomy":"category","embeddable":true,"href":"https:\/\/iparaiba.com.br\/index.php\/wp-json\/wp\/v2\/categories?post=134529"},{"taxonomy":"post_tag","embeddable":true,"href":"https:\/\/iparaiba.com.br\/index.php\/wp-json\/wp\/v2\/tags?post=134529"}],"curies":[{"name":"wp","href":"https:\/\/api.w.org\/{rel}","templated":true}]}}