{"id":134527,"date":"2025-02-27T17:21:28","date_gmt":"2025-02-27T20:21:28","guid":{"rendered":"https:\/\/onordeste.com.br\/?p=134527"},"modified":"2025-02-27T17:21:28","modified_gmt":"2025-02-27T20:21:28","slug":"abertas-as-inscricao-de-propostas-da-etapa-2025-do-novo-pac-selecoes","status":"publish","type":"post","link":"https:\/\/iparaiba.com.br\/index.php\/2025\/02\/27\/abertas-as-inscricao-de-propostas-da-etapa-2025-do-novo-pac-selecoes\/","title":{"rendered":"Abertas as inscri\u00e7\u00e3o de propostas da etapa 2025 do Novo PAC Sele\u00e7\u00f5es"},"content":{"rendered":"<div class=\"texto-conteudo\">\n<div>\n<p class=\"\">Ampliar os servi\u00e7os p\u00fablicos, melhorar os equipamentos, modernizar as estruturas das cidades e garantir mais mobilidade, mais moradia e mais qualidade de vida dos brasileiros. Esses s\u00e3o os principais objetivos para o Governo Federal realizar mais uma etapa do Novo PAC Sele\u00e7\u00f5es, que est\u00e1 com as inscri\u00e7\u00f5es abertas a partir desta segunda, 24 de fevereiro.<\/p>\n<p class=\"\">Os Governos Municipais e Estaduais de todo o Brasil podem enviar suas propostas, de acordo com os editais abertos pelos Minist\u00e9rios da Educa\u00e7\u00e3o, da Sa\u00fade, das Cidades e do Esporte.<\/p>\n<p class=\"\">S\u00e3o cinco eixos de investimentos contemplados com um valor total de R$ 49,2 bilh\u00f5es, para 20 modalidades, que incluem policl\u00ednicas (R$ 1,35 bilh\u00e3o), creches (R$ 1,25 bilh\u00e3o), centros esportivos (R$ 390 milh\u00f5es), renova\u00e7\u00e3o de frota (R$ 4,4 bilh\u00f5es), obras de drenagem (R$ 5,5 bilh\u00f5es) e abastecimento de \u00e1gua (R$ 2 bilh\u00f5es).<\/p>\n<p class=\"\">Para submeter os projetos \u00e0 avalia\u00e7\u00e3o dos minist\u00e9rios, as prefeituras e governos estaduais devem se atentar para todos os requisitos, crit\u00e9rios e objetivos de cada eixo.<\/p>\n<p class=\"callout\">Todas as informa\u00e7\u00f5es e orienta\u00e7\u00f5es est\u00e3o reunidas na p\u00e1gina\u00a0<a class=\"external-link\" title=\"\" href=\"https:\/\/www.gov.br\/casacivil\/pt-br\/novopac\/selecoes2025\/tudo-sobre-cada-modalidade-2025\" target=\"_self\" data-tippreview-enabled=\"false\" data-tippreview-image=\"\" data-tippreview-title=\"\">Novo PAC Sele\u00e7\u00f5es\u00a02025\u00a0<\/a>.<\/p>\n<p class=\"\">As sele\u00e7\u00f5es priorizar\u00e3o a cobertura de vazios assistenciais e os munic\u00edpios que j\u00e1 deram andamento \u00e0s obras da primeira sele\u00e7\u00e3o. \u201cOu seja, a prioridade ser\u00e1 dada ao munic\u00edpio mais eficiente, aquele que colocou a obra para andar\u201d, afirmou o ministro da Casa Civil, Rui Costa, ao apresentar a segunda etapa a prefeitos e prefeitas.<\/p>\n<p class=\"\">Desde a primeira etapa do Novo PAC Sele\u00e7\u00f5es, o Governo Federal consolidou o processo como uma forma de\u00a0garantir a participa\u00e7\u00e3o de todos os prefeitos e prefeitas e governadores e governadoras do pa\u00eds. A partir desse di\u00e1logo, o Governo re\u00fane informa\u00e7\u00f5es sobre empreendimentos de interesse social que ser\u00e3o, na sequ\u00eancia, analisadas quanto \u00e0 viabilidade de execu\u00e7\u00e3o.<\/p>\n<h4><strong>Pacto Federativo<\/strong><\/h4>\n<p class=\"\">No lan\u00e7amento do Novo PAC Sele\u00e7\u00f5es, em setembro de 2023, o presidente Lula destacou o pacto federativo e o desenvolvimento econ\u00f4mico regional por meio dos\u00a0investimentos do Novo PAC nos estados e munic\u00edpios\u00a0e fez apelo\u00a0para que os gestores p\u00fablicos inscreveram as obras\u00a0no programa.<\/p>\n<p class=\"\">\u201cO que estamos fazendo aqui, com prefeitos e governadores, \u00e9 tentando criar a ideia definitiva no pa\u00eds que o ente federativo precisa prevalecer. O que queremos \u00e9 que os prefeitos consigam fazer a sua obra, na sua cidade,\u00a0no\u00a0interesse do povo\u00a0da sua cidade\u201d, pontuou o presidente.<\/p>\n<p class=\"\">Acesse o\u00a0<a class=\"external-link\" title=\"\" href=\"https:\/\/www.gov.br\/casacivil\/pt-br\/novopac\" target=\"_self\" data-tippreview-enabled=\"false\" data-tippreview-image=\"\" data-tippreview-title=\"\">gov.br\/novopac\u00a0<\/a>para saber mais sobre as modalidades.<\/p>\n<\/div>\n<\/div>\n<p><a class=\"materia-original\" href=\"https:\/\/www.gov.br\/casacivil\/pt-br\/assuntos\/noticias\/2025\/fevereiro\/gestores-municipais-e-estaduais-ja-podem-inscrever-propostas-para-a-etapa-2025-do-novo-pac-selecoes\" target=\"_blank\" rel=\"noopener\">Link: https:\/\/www.gov.br\/casacivil\/pt-br\/assuntos\/noticias\/2025\/fevereiro\/gestores-municipais-e-estaduais-ja-podem-inscrever-propostas-para-a-etapa-2025-do-novo-pac-selecoes<\/a><\/p>\n","protected":false},"excerpt":{"rendered":"<p>Ampliar os servi\u00e7os p\u00fablicos, melhorar os equipamentos, modernizar as estruturas das cidades e garantir mais mobilidade, mais moradia e mais qualidade de vida dos brasileiros. Esses s\u00e3o os principais objetivos para o Governo Federal realizar mais uma etapa do Novo PAC Sele\u00e7\u00f5es, que est\u00e1 com as inscri\u00e7\u00f5es abertas a partir desta segunda, 24 de fevereiro. &hellip;<\/p>\n","protected":false},"author":1,"featured_media":97467,"comment_status":"open","ping_status":"open","sticky":false,"template":"","format":"standard","meta":{"footnotes":""},"categories":[6],"tags":[],"class_list":["post-134527","post","type-post","status-publish","format-standard","has-post-thumbnail","hentry","category-destaques"],"_links":{"self":[{"href":"https:\/\/iparaiba.com.br\/index.php\/wp-json\/wp\/v2\/posts\/134527","targetHints":{"allow":["GET"]}}],"collection":[{"href":"https:\/\/iparaiba.com.br\/index.php\/wp-json\/wp\/v2\/posts"}],"about":[{"href":"https:\/\/iparaiba.com.br\/index.php\/wp-json\/wp\/v2\/types\/post"}],"author":[{"embeddable":true,"href":"https:\/\/iparaiba.com.br\/index.php\/wp-json\/wp\/v2\/users\/1"}],"replies":[{"embeddable":true,"href":"https:\/\/iparaiba.com.br\/index.php\/wp-json\/wp\/v2\/comments?post=134527"}],"version-history":[{"count":1,"href":"https:\/\/iparaiba.com.br\/index.php\/wp-json\/wp\/v2\/posts\/134527\/revisions"}],"predecessor-version":[{"id":134555,"href":"https:\/\/iparaiba.com.br\/index.php\/wp-json\/wp\/v2\/posts\/134527\/revisions\/134555"}],"wp:featuredmedia":[{"embeddable":true,"href":"https:\/\/iparaiba.com.br\/index.php\/wp-json\/wp\/v2\/media\/97467"}],"wp:attachment":[{"href":"https:\/\/iparaiba.com.br\/index.php\/wp-json\/wp\/v2\/media?parent=134527"}],"wp:term":[{"taxonomy":"category","embeddable":true,"href":"https:\/\/iparaiba.com.br\/index.php\/wp-json\/wp\/v2\/categories?post=134527"},{"taxonomy":"post_tag","embeddable":true,"href":"https:\/\/iparaiba.com.br\/index.php\/wp-json\/wp\/v2\/tags?post=134527"}],"curies":[{"name":"wp","href":"https:\/\/api.w.org\/{rel}","templated":true}]}}