{"id":134518,"date":"2025-02-27T08:16:58","date_gmt":"2025-02-27T11:16:58","guid":{"rendered":"https:\/\/onordeste.com.br\/?p=134518"},"modified":"2025-02-27T08:16:58","modified_gmt":"2025-02-27T11:16:58","slug":"plataforma-limpa-nome-serasa-e-correios-terao-atendimento-gratuito","status":"publish","type":"post","link":"https:\/\/iparaiba.com.br\/index.php\/2025\/02\/27\/plataforma-limpa-nome-serasa-e-correios-terao-atendimento-gratuito\/","title":{"rendered":"Plataforma Limpa Nome: Serasa e Correios ter\u00e3o atendimento gratuito"},"content":{"rendered":"<div class=\"texto-conteudo\">\n<div class=\"entry-content\">\n<p>A partir desta segunda-feira, dia 24, os endividados que preferem atendimento presencial podem descobrir em qualquer ag\u00eancia dos Correios quais os d\u00e9bitos com descontos especiais est\u00e3o em seu nome na plataforma Limpa Nome. O mutir\u00e3o nacional de combate \u00e0 inadimpl\u00eancia recebe o refor\u00e7o dos Correios, que se une \u00e0 Serasa, Febraban e mais 1.456 empresas que oferecem descontos de at\u00e9 99%, parcelamento de at\u00e9 72x e a possibilidade de limpar o nome e aumentar a pontua\u00e7\u00e3o de score na hora.<\/p>\n<p>Sem qualquer cobran\u00e7a de taxa, as d\u00edvidas podem ser visualizadas gratuitamente em todas as 10 mil ag\u00eancias do pa\u00eds at\u00e9 31 de mar\u00e7o. No guich\u00ea, o titular da d\u00edvida, se levar documento com foto, pode escolher quais as contas pagar e decidir se quitar\u00e1 \u00e0 vista ou parcelar\u00e1 de acordo com seu or\u00e7amento.<\/p>\n<p>No pa\u00eds, h\u00e1 um total de 602 milh\u00f5es de ofertas disponibilizadas por bancos, financeiras, empresas de telefonia e internet, lojas e varejo, faculdades e concession\u00e1rias de contas b\u00e1sicas, como \u00e1gua, energia e g\u00e1s.<\/p>\n<p>\u201cA parceria com os Correios, que tem ag\u00eancias em todos os munic\u00edpios do pa\u00eds, permite que consumidores menos digitalizados ou aqueles que n\u00e3o renunciam ao atendimento presencial tenham a oportunidade de visualizar suas d\u00edvidas e avaliar a possibilidade de pagar cada uma delas\u201d, dia Aline Maciel, diretora da Serasa.<\/p>\n<p>\u201cA rede humanizada e capilarizada dos Correios novamente est\u00e1 \u00e0 disposi\u00e7\u00e3o das brasileiras e brasileiros que necessitam de um apoio mais pr\u00f3ximo para esse servi\u00e7o t\u00e3o importante oferecido pela Serasa. Nossa equipe est\u00e1 treinada para ajudar os cidad\u00e3os que querem resolver suas pend\u00eancias financeiras com um atendimento pr\u00e1tico e r\u00e1pido\u201d, disse o presidente dos Correios, Fabiano Silva dos Santos.<\/p>\n<p>Na ter\u00e7a-feira (25), t\u00e9cnicos e especialistas em finan\u00e7as da Serasa e porta-vozes dos Correios estar\u00e3o dispon\u00edveis em ag\u00eancias selecionadas pelas capitais do pa\u00eds. Os profissionais estar\u00e3o \u00e0 disposi\u00e7\u00e3o para atender a popula\u00e7\u00e3o interessada em negociar suas d\u00edvidas e dialogar com a imprensa local.<\/p>\n<p class=\"callout\"><strong>FEIR\u00c3O SERASA LIMPA NOME<\/strong><br \/>\n<strong>Atendimento presencial ao consumidor nos Correios<\/strong><br \/>\nData: 24 de fevereiro a 31 de mar\u00e7o de 2025<br \/>\nLocal:\u00a0<strong>Todas as ag\u00eancias dos Correios do pa\u00eds<\/strong><br \/>\nEndere\u00e7os e hor\u00e1rios de funcionamento das ag\u00eancias:\u00a0<a href=\"https:\/\/c.correios.com.br\/agencias\" target=\"_blank\" rel=\"noreferrer noopener\">clique aqui.<\/a><\/p>\n<p><strong>Dia D \u2013 Presen\u00e7a de especialista\/porta-voz da Serasa e dos Correios nas ag\u00eancias selecionadas.<\/strong><br \/>\nData: 25 de fevereiro de 2025 (ter\u00e7a-feira)<\/p>\n<p><strong>Bel\u00e9m\/PA<\/strong><br \/>\nAC Central<br \/>\nAvenida Presidente Vargas, 498 \u2013 Campina<\/p>\n<p><strong>Belo Horizonte\/MG<\/strong><br \/>\nAC Presid. Juscelino Kubistchek<br \/>\nAvenida Afonso Pena, 1270 \u2013 Centro<\/p>\n<p><strong>Blumenau\/SC<\/strong><br \/>\nAC Blumenau<br \/>\nRua Curt Hering, 315 \u2013 Centro<\/p>\n<p><strong>Bras\u00edlia\/DF<\/strong><br \/>\nAC Taguatinga Centro<br \/>\nQuadra C1 Lt 9 e 10 Lojas 2 e 3, Sn \u2013 Taguatinga<\/p>\n<p><strong>Curitiba\/PR<\/strong><br \/>\nAC Marechal Deodoro<br \/>\nRua Marechal Deodoro, 298 \u2013 Centro<\/p>\n<p><strong>Fortaleza\/CE<\/strong><br \/>\nAC Central<br \/>\nRua Senador Alencar, 38 \u2013 Centro<\/p>\n<p><strong>Florian\u00f3polis\/SC<\/strong><br \/>\nAC Ingleses<br \/>\nRodovia Armando Calil Bulos, 6201 \u2013 Ingleses do Rio Vermelho<\/p>\n<p><strong>Goi\u00e2nia\/GO<\/strong><br \/>\nAC Central<br \/>\nPraca Dr. Pedro Ludovico Teixeira, 11. Setor Central<\/p>\n<p><strong>Jo\u00e3o Pessoa\/PB<\/strong><br \/>\nAC Agua Fria<br \/>\nRodovia BR 230 KM 24, SN \u2013 Cristo Redentor<\/p>\n<p><strong>Macei\u00f3\/AL<\/strong><br \/>\nAC Central<br \/>\nRua do Sol, 57 \u2013 Centro<\/p>\n<p><strong>Manaus\/AM<\/strong><br \/>\nAC Saldanha Marinho<br \/>\nRua Barroso, 226 \u2013 Centro<\/p>\n<p><strong>Porto Alegre\/RS<\/strong><br \/>\nAC Vila Jardim<br \/>\nAvenida Protasio Alves, 5178 \u2013 Vila Jardim<\/p>\n<p><strong>Recife\/PE<\/strong><br \/>\nAC Central<br \/>\nAvenida Guararapes, 250 \u2013 Santo Antonio<\/p>\n<p><strong>Rio Branco\/AC<\/strong><br \/>\nAC Rio Branco<br \/>\nAvenida Epaminondas Jacome, 2858 \u2013 Centro<\/p>\n<p><strong>Rio de Janeiro\/RJ<\/strong><br \/>\nAC Central<br \/>\nRua da Alfandega, 91 \u2013 Centro<\/p>\n<p><strong>Salvador\/BA<\/strong><br \/>\nAC Central<br \/>\nPra\u00e7a da Inglaterra, 2 \u2013 Ed. Sede dos Correios, T\u00e9rreo<\/p>\n<p><strong>S\u00e3o Lu\u00eds\/MA<\/strong><br \/>\nAC Cidade Oper\u00e1ria<br \/>\nRua Unidade, 2037 \u2013 Cidade Oper\u00e1ria<\/p>\n<p><strong>S\u00e3o Paulo\/SP<\/strong><br \/>\nAC Central<br \/>\nPra\u00e7a do Correio, SN \u2013 Centro<\/p>\n<p><strong>Vit\u00f3ria\/ES<\/strong><br \/>\nAC Central<br \/>\nAvenida Jeronimo Monteiro, 310 \u2013 Centro<\/p>\n<h3><strong>Sobre os Correio<\/strong><\/h3>\n<p>Os\u00a0Correios, l\u00edderes no segmento log\u00edstico e de entrega de encomendas no Brasil e respons\u00e1veis pela atividade postal nacional, s\u00e3o uma empresa p\u00fablica moderna, com a miss\u00e3o de promover a integra\u00e7\u00e3o nacional, contribuindo com o governo no desenvolvimento socioecon\u00f4mico, conectando pessoas, institui\u00e7\u00f5es e neg\u00f3cios. Com mais de 360 anos de hist\u00f3ria e presente em 100% dos munic\u00edpios do Pa\u00eds, a estatal possui a maior infraestrutura log\u00edstica da Am\u00e9rica Latina: uma rede de atendimento de mais de 10 mil ag\u00eancias, mais de 8 mil unidades operacionais, 23 mil ve\u00edculos e 85 mil empregadas e empregados diretos. Para mais informa\u00e7\u00f5es, acesse:\u00a0<a href=\"http:\/\/www.correios.com.br\/\" target=\"_blank\" rel=\"noreferrer noopener\">www.correios.com.br\u00a0<\/a>.<\/p>\n<h3><strong>Sobre a Serasa<\/strong><\/h3>\n<p>Com o prop\u00f3sito de revolucionar o acesso ao cr\u00e9dito no Brasil, a Serasa oferece um ecossistema completo voltado para a melhoria da sa\u00fade financeira da popula\u00e7\u00e3o por meio de produtos e servi\u00e7os digitais.\u202fMais informa\u00e7\u00f5es em\u00a0<a href=\"http:\/\/www.serasa.com.br\/\">www.serasa.com.br\u00a0<\/a>e via redes sociais\u202fno\u202f@serasa.<\/p>\n<\/div>\n<\/div>\n<p><a class=\"materia-original\" href=\"https:\/\/saladeimprensa.correios.com.br\/arquivos\/11414\" target=\"_blank\" rel=\"noopener\">Link: https:\/\/saladeimprensa.correios.com.br\/arquivos\/11414<\/a><\/p>\n","protected":false},"excerpt":{"rendered":"<p>A partir desta segunda-feira, dia 24, os endividados que preferem atendimento presencial podem descobrir em qualquer ag\u00eancia dos Correios quais os d\u00e9bitos com descontos especiais est\u00e3o em seu nome na plataforma Limpa Nome. O mutir\u00e3o nacional de combate \u00e0 inadimpl\u00eancia recebe o refor\u00e7o dos Correios, que se une \u00e0 Serasa, Febraban e mais 1.456 empresas &hellip;<\/p>\n","protected":false},"author":1,"featured_media":98790,"comment_status":"open","ping_status":"open","sticky":false,"template":"","format":"standard","meta":{"footnotes":""},"categories":[10],"tags":[],"class_list":["post-134518","post","type-post","status-publish","format-standard","has-post-thumbnail","hentry","category-manchetes"],"_links":{"self":[{"href":"https:\/\/iparaiba.com.br\/index.php\/wp-json\/wp\/v2\/posts\/134518","targetHints":{"allow":["GET"]}}],"collection":[{"href":"https:\/\/iparaiba.com.br\/index.php\/wp-json\/wp\/v2\/posts"}],"about":[{"href":"https:\/\/iparaiba.com.br\/index.php\/wp-json\/wp\/v2\/types\/post"}],"author":[{"embeddable":true,"href":"https:\/\/iparaiba.com.br\/index.php\/wp-json\/wp\/v2\/users\/1"}],"replies":[{"embeddable":true,"href":"https:\/\/iparaiba.com.br\/index.php\/wp-json\/wp\/v2\/comments?post=134518"}],"version-history":[{"count":1,"href":"https:\/\/iparaiba.com.br\/index.php\/wp-json\/wp\/v2\/posts\/134518\/revisions"}],"predecessor-version":[{"id":134551,"href":"https:\/\/iparaiba.com.br\/index.php\/wp-json\/wp\/v2\/posts\/134518\/revisions\/134551"}],"wp:featuredmedia":[{"embeddable":true,"href":"https:\/\/iparaiba.com.br\/index.php\/wp-json\/wp\/v2\/media\/98790"}],"wp:attachment":[{"href":"https:\/\/iparaiba.com.br\/index.php\/wp-json\/wp\/v2\/media?parent=134518"}],"wp:term":[{"taxonomy":"category","embeddable":true,"href":"https:\/\/iparaiba.com.br\/index.php\/wp-json\/wp\/v2\/categories?post=134518"},{"taxonomy":"post_tag","embeddable":true,"href":"https:\/\/iparaiba.com.br\/index.php\/wp-json\/wp\/v2\/tags?post=134518"}],"curies":[{"name":"wp","href":"https:\/\/api.w.org\/{rel}","templated":true}]}}