{"id":134516,"date":"2025-02-27T06:00:27","date_gmt":"2025-02-27T09:00:27","guid":{"rendered":"https:\/\/onordeste.com.br\/?p=134516"},"modified":"2025-02-27T06:00:27","modified_gmt":"2025-02-27T09:00:27","slug":"programa-desenrola-rural-entra-em-vigor","status":"publish","type":"post","link":"https:\/\/iparaiba.com.br\/index.php\/2025\/02\/27\/programa-desenrola-rural-entra-em-vigor\/","title":{"rendered":"Programa Desenrola Rural entra em vigor"},"content":{"rendered":"<div class=\"texto-conteudo\">\n<p>Entra em vigor a partir desta segunda-feira (24\/2), o Programa Desenrola Rural. Sancionada pelo presidente Lula por meio do Decreto 12381\/2025, a medida dar\u00e1 a oportunidade aos agricultores familiares, assentados da reforma agr\u00e1ria, quilombolas e demais povos e comunidades tradicionais, de renegociarem cr\u00e9ditos em situa\u00e7\u00e3o de inadimpl\u00eancia. Dessa forma, os benefici\u00e1rios poder\u00e3o voltar a acessar o cr\u00e9dito rural e aumentar a oferta da produ\u00e7\u00e3o de alimentos saud\u00e1veis para a mesa do povo brasileiro. Maior a produ\u00e7\u00e3o de alimentos, maior a oferta e menores os pre\u00e7os.<\/p>\n<p>O agricultor familiar j\u00e1 pode procurar uma ag\u00eancia banc\u00e1ria para renegociar as suas d\u00edvidas, que podem ter descontos de at\u00e9 96%. A renegocia\u00e7\u00e3o vale para aqueles que possuem d\u00edvidas no Programa Nacional de Fortalecimento da Agricultura Familiar (Pronaf) e outras, como cart\u00f5es e empr\u00e9stimos nas institui\u00e7\u00f5es financeiras, do Cr\u00e9dito de Instala\u00e7\u00e3o e d\u00edvidas j\u00e1 inscritas na D\u00edvida Ativa da Uni\u00e3o (DAU), como impostos e outros d\u00e9bitos federais, todas com inadimpl\u00eancia superior a 1 ano.<\/p>\n<p>N\u00e3o haver\u00e1 impedimentos para a obten\u00e7\u00e3o de novos cr\u00e9ditos para o agricultor familiar que tiver pend\u00eancias relacionadas a pequenas d\u00edvidas, como, por exemplo, d\u00e9bitos em contas de \u00e1gua, luz ou telefone.<\/p>\n<h4><strong>Como vai funcionar<\/strong><\/h4>\n<p>\u2022 Quem estiver inscrito na D\u00edvida Ativa da Uni\u00e3o poder\u00e1 acessar, a partir do dia 24\/02, o site do Regularize com seu CPF e selecionar \u201cConsultar D\u00edvida\u201d para selecionar suas op\u00e7\u00f5es de pagamento.<\/p>\n<p>\u2022 Se a d\u00edvida for do Pronaf, ou outras adquiridas junto aos bancos, o interessado deve procurar sua institui\u00e7\u00e3o financeira para regularizar sua situa\u00e7\u00e3o.<\/p>\n<p>\u2022 Se a d\u00edvida for de Cr\u00e9dito de Instala\u00e7\u00e3o, o interessado pode ir direto ao Incra para quitar os d\u00e9bitos com desconto ou acessar a\u00a0<strong><a class=\"external-link\" title=\"\" href=\"https:\/\/saladacidadania.incra.gov.br\/?AspxAutoDetectCookieSupport=1\" target=\"_self\" data-tippreview-enabled=\"false\" data-tippreview-image=\"\" data-tippreview-title=\"\">Sala da Cidadania\u00a0<\/a>.<\/strong><\/p>\n<p>\u2022 O interessado em aderir ao Programa tamb\u00e9m pode procurar os sindicatos, associa\u00e7\u00f5es e entidades representativas para obter aux\u00edlio.<\/p>\n<p><a class=\"materia-original\" href=\"https:\/\/www.gov.br\/mda\/pt-br\/noticias\/2025\/02\/programa-desenrola-rural-entra-em-vigor-nesta-segunda-feira-24-02\" target=\"_blank\" rel=\"noopener\">Link: https:\/\/www.gov.br\/mda\/pt-br\/noticias\/2025\/02\/programa-desenrola-rural-entra-em-vigor-nesta-segunda-feira-24-02<\/a><\/p>\n<\/div>\n","protected":false},"excerpt":{"rendered":"<p>Entra em vigor a partir desta segunda-feira (24\/2), o Programa Desenrola Rural. Sancionada pelo presidente Lula por meio do Decreto 12381\/2025, a medida dar\u00e1 a oportunidade aos agricultores familiares, assentados da reforma agr\u00e1ria, quilombolas e demais povos e comunidades tradicionais, de renegociarem cr\u00e9ditos em situa\u00e7\u00e3o de inadimpl\u00eancia. Dessa forma, os benefici\u00e1rios poder\u00e3o voltar a acessar &hellip;<\/p>\n","protected":false},"author":1,"featured_media":97732,"comment_status":"open","ping_status":"open","sticky":false,"template":"","format":"standard","meta":{"footnotes":""},"categories":[3],"tags":[],"class_list":["post-134516","post","type-post","status-publish","format-standard","has-post-thumbnail","hentry","category-nordeste"],"_links":{"self":[{"href":"https:\/\/iparaiba.com.br\/index.php\/wp-json\/wp\/v2\/posts\/134516","targetHints":{"allow":["GET"]}}],"collection":[{"href":"https:\/\/iparaiba.com.br\/index.php\/wp-json\/wp\/v2\/posts"}],"about":[{"href":"https:\/\/iparaiba.com.br\/index.php\/wp-json\/wp\/v2\/types\/post"}],"author":[{"embeddable":true,"href":"https:\/\/iparaiba.com.br\/index.php\/wp-json\/wp\/v2\/users\/1"}],"replies":[{"embeddable":true,"href":"https:\/\/iparaiba.com.br\/index.php\/wp-json\/wp\/v2\/comments?post=134516"}],"version-history":[{"count":1,"href":"https:\/\/iparaiba.com.br\/index.php\/wp-json\/wp\/v2\/posts\/134516\/revisions"}],"predecessor-version":[{"id":134550,"href":"https:\/\/iparaiba.com.br\/index.php\/wp-json\/wp\/v2\/posts\/134516\/revisions\/134550"}],"wp:featuredmedia":[{"embeddable":true,"href":"https:\/\/iparaiba.com.br\/index.php\/wp-json\/wp\/v2\/media\/97732"}],"wp:attachment":[{"href":"https:\/\/iparaiba.com.br\/index.php\/wp-json\/wp\/v2\/media?parent=134516"}],"wp:term":[{"taxonomy":"category","embeddable":true,"href":"https:\/\/iparaiba.com.br\/index.php\/wp-json\/wp\/v2\/categories?post=134516"},{"taxonomy":"post_tag","embeddable":true,"href":"https:\/\/iparaiba.com.br\/index.php\/wp-json\/wp\/v2\/tags?post=134516"}],"curies":[{"name":"wp","href":"https:\/\/api.w.org\/{rel}","templated":true}]}}