{"id":134510,"date":"2025-02-26T14:10:24","date_gmt":"2025-02-26T17:10:24","guid":{"rendered":"https:\/\/onordeste.com.br\/?p=134510"},"modified":"2025-02-26T14:10:24","modified_gmt":"2025-02-26T17:10:24","slug":"ministerio-assina-ordem-de-servico-para-construcao-de-927-habitacionais","status":"publish","type":"post","link":"https:\/\/iparaiba.com.br\/index.php\/2025\/02\/26\/ministerio-assina-ordem-de-servico-para-construcao-de-927-habitacionais\/","title":{"rendered":"Minist\u00e9rio assina ordem de servi\u00e7o para constru\u00e7\u00e3o de 927 habitacionais"},"content":{"rendered":"<p>O governador Jo\u00e3o Azev\u00eado assina ao lado do secret\u00e1rio Nacional de Habita\u00e7\u00e3o do Minist\u00e9rio das Cidades, Augusto Rabelo, a ordem de servi\u00e7o para constru\u00e7\u00e3o e autoriza\u00e7\u00e3o de contrata\u00e7\u00e3o de 927 unidades habitacionais na Para\u00edba.<\/p>\n<p>Ser\u00e3o assinados os termos de compromisso para realiza\u00e7\u00e3o de sete obras em parceria nos munic\u00edpios de Jo\u00e3o Pessoa, Bayeux, Cuitegi, Sap\u00e9, Mari, Alagoinha e Teixeira, e ainda a implanta\u00e7\u00e3o de energia solar nos Residenciais Jardim do Sul e\u00a0Morada do Sul, na Capital.<\/p>\n<p>&nbsp;<\/p>\n","protected":false},"excerpt":{"rendered":"<p>O governador Jo\u00e3o Azev\u00eado assina ao lado do secret\u00e1rio Nacional de Habita\u00e7\u00e3o do Minist\u00e9rio das Cidades, Augusto Rabelo, a ordem de servi\u00e7o para constru\u00e7\u00e3o e autoriza\u00e7\u00e3o de contrata\u00e7\u00e3o de 927 unidades habitacionais na Para\u00edba. Ser\u00e3o assinados os termos de compromisso para realiza\u00e7\u00e3o de sete obras em parceria nos munic\u00edpios de Jo\u00e3o Pessoa, Bayeux, Cuitegi, Sap\u00e9, &hellip;<\/p>\n","protected":false},"author":1,"featured_media":97486,"comment_status":"open","ping_status":"open","sticky":false,"template":"","format":"standard","meta":{"footnotes":""},"categories":[15],"tags":[],"class_list":["post-134510","post","type-post","status-publish","format-standard","has-post-thumbnail","hentry","category-links"],"_links":{"self":[{"href":"https:\/\/iparaiba.com.br\/index.php\/wp-json\/wp\/v2\/posts\/134510","targetHints":{"allow":["GET"]}}],"collection":[{"href":"https:\/\/iparaiba.com.br\/index.php\/wp-json\/wp\/v2\/posts"}],"about":[{"href":"https:\/\/iparaiba.com.br\/index.php\/wp-json\/wp\/v2\/types\/post"}],"author":[{"embeddable":true,"href":"https:\/\/iparaiba.com.br\/index.php\/wp-json\/wp\/v2\/users\/1"}],"replies":[{"embeddable":true,"href":"https:\/\/iparaiba.com.br\/index.php\/wp-json\/wp\/v2\/comments?post=134510"}],"version-history":[{"count":1,"href":"https:\/\/iparaiba.com.br\/index.php\/wp-json\/wp\/v2\/posts\/134510\/revisions"}],"predecessor-version":[{"id":134547,"href":"https:\/\/iparaiba.com.br\/index.php\/wp-json\/wp\/v2\/posts\/134510\/revisions\/134547"}],"wp:featuredmedia":[{"embeddable":true,"href":"https:\/\/iparaiba.com.br\/index.php\/wp-json\/wp\/v2\/media\/97486"}],"wp:attachment":[{"href":"https:\/\/iparaiba.com.br\/index.php\/wp-json\/wp\/v2\/media?parent=134510"}],"wp:term":[{"taxonomy":"category","embeddable":true,"href":"https:\/\/iparaiba.com.br\/index.php\/wp-json\/wp\/v2\/categories?post=134510"},{"taxonomy":"post_tag","embeddable":true,"href":"https:\/\/iparaiba.com.br\/index.php\/wp-json\/wp\/v2\/tags?post=134510"}],"curies":[{"name":"wp","href":"https:\/\/api.w.org\/{rel}","templated":true}]}}