{"id":134508,"date":"2025-02-26T12:09:10","date_gmt":"2025-02-26T15:09:10","guid":{"rendered":"https:\/\/onordeste.com.br\/?p=134508"},"modified":"2025-02-26T12:09:10","modified_gmt":"2025-02-26T15:09:10","slug":"carnaval-e-muricocas-do-miramar-alteram-expediente","status":"publish","type":"post","link":"https:\/\/iparaiba.com.br\/index.php\/2025\/02\/26\/carnaval-e-muricocas-do-miramar-alteram-expediente\/","title":{"rendered":"Carnaval e Muri\u00e7ocas do Miramar alteram expediente"},"content":{"rendered":"<p>O Governo da Para\u00edba, por meio da Secretaria e Estado da Administra\u00e7\u00e3o, informa que haver\u00e1 altera\u00e7\u00e3o dos expedientes nas reparti\u00e7\u00f5es p\u00fablicas estaduais da Administra\u00e7\u00e3o Direta e Indireta, em virtude da apresenta\u00e7\u00e3o do bloco Muri\u00e7ocas do Miramar, devendo ser preservado o funcionamento dos servi\u00e7os essenciais no per\u00edodo. A portaria, assinada pelo secret\u00e1rio de Estado da Administra\u00e7\u00e3o, Tib\u00e9rio Limeira, foi publicada no Di\u00e1rio Oficial da sexta-feira (21).<\/p>\n<p>A portaria ainda determina\u00a0ponto\u00a0facultativo\u00a0nesta quinta-feira (27) at\u00e9 as 12h apenas nas reparti\u00e7\u00f5es localizadas na Capital, em virtude da apresenta\u00e7\u00e3o do bloco\u00a0Muri\u00e7ocas\u00a0do Miramar, e no dia 5 de mar\u00e7o (Quarta-feira de Cinzas) facultativo at\u00e9 as 12h em todas as reparti\u00e7\u00f5es do Estado. J\u00e1 nos dias 3 e 4 de mar\u00e7o, o\u00a0ponto\u00a0ser\u00e1\u00a0facultativo\u00a0nos dois turnos.<\/p>\n","protected":false},"excerpt":{"rendered":"<p>O Governo da Para\u00edba, por meio da Secretaria e Estado da Administra\u00e7\u00e3o, informa que haver\u00e1 altera\u00e7\u00e3o dos expedientes nas reparti\u00e7\u00f5es p\u00fablicas estaduais da Administra\u00e7\u00e3o Direta e Indireta, em virtude da apresenta\u00e7\u00e3o do bloco Muri\u00e7ocas do Miramar, devendo ser preservado o funcionamento dos servi\u00e7os essenciais no per\u00edodo. A portaria, assinada pelo secret\u00e1rio de Estado da Administra\u00e7\u00e3o, &hellip;<\/p>\n","protected":false},"author":1,"featured_media":111526,"comment_status":"open","ping_status":"open","sticky":false,"template":"","format":"standard","meta":{"footnotes":""},"categories":[4],"tags":[],"class_list":["post-134508","post","type-post","status-publish","format-standard","has-post-thumbnail","hentry","category-cultura"],"_links":{"self":[{"href":"https:\/\/iparaiba.com.br\/index.php\/wp-json\/wp\/v2\/posts\/134508","targetHints":{"allow":["GET"]}}],"collection":[{"href":"https:\/\/iparaiba.com.br\/index.php\/wp-json\/wp\/v2\/posts"}],"about":[{"href":"https:\/\/iparaiba.com.br\/index.php\/wp-json\/wp\/v2\/types\/post"}],"author":[{"embeddable":true,"href":"https:\/\/iparaiba.com.br\/index.php\/wp-json\/wp\/v2\/users\/1"}],"replies":[{"embeddable":true,"href":"https:\/\/iparaiba.com.br\/index.php\/wp-json\/wp\/v2\/comments?post=134508"}],"version-history":[{"count":1,"href":"https:\/\/iparaiba.com.br\/index.php\/wp-json\/wp\/v2\/posts\/134508\/revisions"}],"predecessor-version":[{"id":134546,"href":"https:\/\/iparaiba.com.br\/index.php\/wp-json\/wp\/v2\/posts\/134508\/revisions\/134546"}],"wp:featuredmedia":[{"embeddable":true,"href":"https:\/\/iparaiba.com.br\/index.php\/wp-json\/wp\/v2\/media\/111526"}],"wp:attachment":[{"href":"https:\/\/iparaiba.com.br\/index.php\/wp-json\/wp\/v2\/media?parent=134508"}],"wp:term":[{"taxonomy":"category","embeddable":true,"href":"https:\/\/iparaiba.com.br\/index.php\/wp-json\/wp\/v2\/categories?post=134508"},{"taxonomy":"post_tag","embeddable":true,"href":"https:\/\/iparaiba.com.br\/index.php\/wp-json\/wp\/v2\/tags?post=134508"}],"curies":[{"name":"wp","href":"https:\/\/api.w.org\/{rel}","templated":true}]}}