{"id":134505,"date":"2025-02-26T08:03:02","date_gmt":"2025-02-26T11:03:02","guid":{"rendered":"https:\/\/onordeste.com.br\/?p=134504"},"modified":"2025-02-26T08:03:02","modified_gmt":"2025-02-26T11:03:02","slug":"importunacao-sexual-o-que-e-e-como-o-crime-deixa-sequelas-nas-vitimas","status":"publish","type":"post","link":"https:\/\/iparaiba.com.br\/index.php\/2025\/02\/26\/importunacao-sexual-o-que-e-e-como-o-crime-deixa-sequelas-nas-vitimas\/","title":{"rendered":"Importuna\u00e7\u00e3o sexual: o que \u00e9 e como o crime deixa sequelas nas v\u00edtimas"},"content":{"rendered":"<p>Era uma tarde alegre a terminar com a volta para casa depois de uma \u00f3tima aula e um recreio animado com as amigas. Mas, aquele dia ainda n\u00e3o havia acabado e Magali Melo (nome fict\u00edcio) nem imaginava um fim t\u00e3o traum\u00e1tico ao ponto de jamais ser esquecido. Com apenas 7 anos de idade, retornando ao lar com a m\u00e3e em um transporte p\u00fablico lotado, Magali foi v\u00edtima de uma importuna\u00e7\u00e3o sexual marcante e dolorosa.<\/p>\n<p>\u201cO \u00f4nibus estava muito cheio e eu segurava no ferro da cadeira. Minha m\u00e3e estava do meu lado e um cara se posicionou atr\u00e1s de mim. Eu comecei a sentir uma coisa atr\u00e1s de mim e n\u00e3o entendia bem o que estava acontecendo. Eu me mexia para o lado e ele me segurava, tentava sair da frente dele e ir mais para o lado ele me segurava, e fui ficando com muito medo\u201d.<\/p>\n<p>Apesar do nome fict\u00edcio, Magali Melo existe e agora tem 45 anos. A identidade dela est\u00e1 sendo preservada por respeito a sua dor e a lembran\u00e7a traum\u00e1tica que lan\u00e7a revolta ao saber que o agressor, abusador, jamais foi punido. \u201cEu s\u00f3 tentava sair da frente e ele me prendia. Foi quando minha m\u00e3e olhou para mim, percebeu que eu estava chorando e me questionou porque eu estava daquele jeito. Apontei para ele. Ele percebeu que havia sido descoberto e foi saindo se ajeitando. Lembro que alguns passageiros come\u00e7aram a dar tapas nele, o motorista abriu a porta e ele saiu fugido\u201d, relatou.<\/p>\n<p>Os detalhes da a\u00e7\u00e3o do agressor s\u00e3o t\u00e3o fortes que nos impedem de descrev\u00ea-los no seu todo. Nos limitamos a relatar que ele abriu o z\u00edper da cal\u00e7a e, para satisfazer o pr\u00f3prio prazer doentio, cometeu a importuna\u00e7\u00e3o sexual. \u201cAlgumas pessoas ainda perguntaram porque eu n\u00e3o reagi e gritei, mas eu s\u00f3 tinha sete anos e, al\u00e9m de n\u00e3o entender direito o que havia acontecido, paralisei de medo\u201d, encerra Magali com a voz tr\u00eamula por lembrar a cena.<\/p>\n<div class=\"media media-element-container media-medio media-wysiwyg-align-right\">\n<div id=\"file-383151\" class=\"file file-image file-image-jpeg\">\n<div class=\"content\">\n<div class=\"field field-name-field-legenda field-type-text field-label-hidden\">\n<div class=\"field-items\">\n<div class=\"field-item even\">Para entender melhor &#8211; A ju\u00edza Graziela Queiroga Gadelha de Sousa, titular da Coordenadoria da Mulher em Situa\u00e7\u00e3o de Viol\u00eancia Dom\u00e9stica e Familiar, do Tribunal de Justi\u00e7a da Para\u00edba, explica o que \u00e9 a Lei 13.718\/2018, que define a importuna\u00e7\u00e3o sexual como crime.<\/div>\n<\/div>\n<\/div>\n<\/div>\n<\/div>\n<\/div>\n<p>\u201cO crime de importuna\u00e7\u00e3o sexual vem a ser toda aquela conduta praticada, onde o agente que a pratica quer satisfazer o seu pr\u00f3prio desejo sem o consentimento do outro. \u00c9 um crime que vem com uma pena grave que vai de um a cinco anos de reclus\u00e3o e gera at\u00e9 uma pris\u00e3o em flagrante. O que se quer garantir com essa lei \u00e9 que em especial as mulheres, que s\u00e3o as maiores v\u00edtimas deste tipo de delito, venham a ter sua liberdade respeitada acima de tudo\u201d, afirma a ju\u00edza.<\/p>\n<div class=\"media media-element-container media-medio media-wysiwyg-align-left\">\n<div id=\"file-383158\" class=\"file file-image file-image-jpeg\"><\/div>\n<\/div>\n<p>No entanto, infelizmente, a importuna\u00e7\u00e3o sexual n\u00e3o \u00e9 a \u00fanica viol\u00eancia que a mulher sofre. Da\u00ed a necessidade de uma grande rede de apoio que a acolha e a proteja e de campanhas que estimulem a den\u00fancia. Neste sentido, o TJPB, por meio da Coordenadoria da Mulher, apoia a 7\u00aa edi\u00e7\u00e3o da campanha \u2018Meu corpo n\u00e3o \u00e9 sua folia\u2019 para coibir a importuna\u00e7\u00e3o sexual contra as mulheres no per\u00edodo carnavalesco.<\/p>\n<p>\u201cN\u00f3s achamos sempre muito oportuno campanhas preventivas, porque prevenir \u00e9 sempre o melhor caminho. Por isso, n\u00f3s abra\u00e7amos essa campanha, juntamente com toda a rede de apoio e enfrentamento \u00e0 viol\u00eancia contra a mulher\u201d, afirmou a ju\u00edza Graziela Queiroga.<\/p>\n<p>Por Nice Almeida<\/p>\n<p>Tribunal de Justi\u00e7a<\/p>\n","protected":false},"excerpt":{"rendered":"<p>Era uma tarde alegre a terminar com a volta para casa depois de uma \u00f3tima aula e um recreio animado com as amigas. Mas, aquele dia ainda n\u00e3o havia acabado e Magali Melo (nome fict\u00edcio) nem imaginava um fim t\u00e3o traum\u00e1tico ao ponto de jamais ser esquecido. Com apenas 7 anos de idade, retornando ao &hellip;<\/p>\n","protected":false},"author":1,"featured_media":97948,"comment_status":"open","ping_status":"open","sticky":false,"template":"","format":"standard","meta":{"footnotes":""},"categories":[9],"tags":[],"class_list":["post-134505","post","type-post","status-publish","format-standard","has-post-thumbnail","hentry","category-justica"],"_links":{"self":[{"href":"https:\/\/iparaiba.com.br\/index.php\/wp-json\/wp\/v2\/posts\/134505","targetHints":{"allow":["GET"]}}],"collection":[{"href":"https:\/\/iparaiba.com.br\/index.php\/wp-json\/wp\/v2\/posts"}],"about":[{"href":"https:\/\/iparaiba.com.br\/index.php\/wp-json\/wp\/v2\/types\/post"}],"author":[{"embeddable":true,"href":"https:\/\/iparaiba.com.br\/index.php\/wp-json\/wp\/v2\/users\/1"}],"replies":[{"embeddable":true,"href":"https:\/\/iparaiba.com.br\/index.php\/wp-json\/wp\/v2\/comments?post=134505"}],"version-history":[{"count":1,"href":"https:\/\/iparaiba.com.br\/index.php\/wp-json\/wp\/v2\/posts\/134505\/revisions"}],"predecessor-version":[{"id":134544,"href":"https:\/\/iparaiba.com.br\/index.php\/wp-json\/wp\/v2\/posts\/134505\/revisions\/134544"}],"wp:featuredmedia":[{"embeddable":true,"href":"https:\/\/iparaiba.com.br\/index.php\/wp-json\/wp\/v2\/media\/97948"}],"wp:attachment":[{"href":"https:\/\/iparaiba.com.br\/index.php\/wp-json\/wp\/v2\/media?parent=134505"}],"wp:term":[{"taxonomy":"category","embeddable":true,"href":"https:\/\/iparaiba.com.br\/index.php\/wp-json\/wp\/v2\/categories?post=134505"},{"taxonomy":"post_tag","embeddable":true,"href":"https:\/\/iparaiba.com.br\/index.php\/wp-json\/wp\/v2\/tags?post=134505"}],"curies":[{"name":"wp","href":"https:\/\/api.w.org\/{rel}","templated":true}]}}