{"id":134502,"date":"2025-02-25T16:00:52","date_gmt":"2025-02-25T19:00:52","guid":{"rendered":"https:\/\/onordeste.com.br\/?p=134498"},"modified":"2025-02-25T16:00:52","modified_gmt":"2025-02-25T19:00:52","slug":"procon-notifica-todos-os-postos","status":"publish","type":"post","link":"https:\/\/iparaiba.com.br\/index.php\/2025\/02\/25\/procon-notifica-todos-os-postos\/","title":{"rendered":"Procon notifica todos os postos"},"content":{"rendered":"<p>O Procon de Jo\u00e3o Pessoa e o Sindicato do Com\u00e9rcio Varejista de Derivados de Petr\u00f3leo da Para\u00edba (Sindipetro\/PB) se re\u00fanem, na pr\u00f3xima segunda-feira (24), para discutir os aumentos nos pre\u00e7os dos combust\u00edveis sem que haja o an\u00fancio de nenhum reajuste oficial. O encontro \u00e9 um alerta do Procon-JP aos empres\u00e1rios do setor para que n\u00e3o pratiquem aumento desproporcional, injustificado e extempor\u00e2neos, al\u00e9m de informar a tipifica\u00e7\u00e3o legal para esse tipo de infra\u00e7\u00e3o.<\/p>\n<p>Al\u00e9m da reuni\u00e3o com o Sindipetro, que ocorrer\u00e1 na sede do Procon-JP \u00e0s 9h, a Secretaria Municipal de Prote\u00e7\u00e3o e Defesa do Consumidor vem notificando, de forma educativa, desde a \u00faltima quinta-feira, todos os postos de combust\u00edveis da capital paraibana.<\/p>\n<p>\u201cAs notifica\u00e7\u00f5es t\u00eam at\u00e9 um cunho pedag\u00f3gico para esclarecer que estamos de olho e que vamos impedir que haja irregularidades que prejudiquem o consumidor\u201d, informa o secret\u00e1rio de Prote\u00e7\u00e3o e Defesa do Consumidor de Jo\u00e3o Pessoa, J\u00fanior Pires.<\/p>\n<p>Ele acrescenta que a Secretaria ficar\u00e1 alerta para os pre\u00e7os praticados nas bombas e que vai monitorar todos os estabelecimentos da Capital atrav\u00e9s das pesquisas comparativas semanais.<\/p>\n","protected":false},"excerpt":{"rendered":"<p>O Procon de Jo\u00e3o Pessoa e o Sindicato do Com\u00e9rcio Varejista de Derivados de Petr\u00f3leo da Para\u00edba (Sindipetro\/PB) se re\u00fanem, na pr\u00f3xima segunda-feira (24), para discutir os aumentos nos pre\u00e7os dos combust\u00edveis sem que haja o an\u00fancio de nenhum reajuste oficial. O encontro \u00e9 um alerta do Procon-JP aos empres\u00e1rios do setor para que n\u00e3o &hellip;<\/p>\n","protected":false},"author":1,"featured_media":97627,"comment_status":"open","ping_status":"open","sticky":false,"template":"","format":"standard","meta":{"footnotes":""},"categories":[6],"tags":[],"class_list":["post-134502","post","type-post","status-publish","format-standard","has-post-thumbnail","hentry","category-destaques"],"_links":{"self":[{"href":"https:\/\/iparaiba.com.br\/index.php\/wp-json\/wp\/v2\/posts\/134502","targetHints":{"allow":["GET"]}}],"collection":[{"href":"https:\/\/iparaiba.com.br\/index.php\/wp-json\/wp\/v2\/posts"}],"about":[{"href":"https:\/\/iparaiba.com.br\/index.php\/wp-json\/wp\/v2\/types\/post"}],"author":[{"embeddable":true,"href":"https:\/\/iparaiba.com.br\/index.php\/wp-json\/wp\/v2\/users\/1"}],"replies":[{"embeddable":true,"href":"https:\/\/iparaiba.com.br\/index.php\/wp-json\/wp\/v2\/comments?post=134502"}],"version-history":[{"count":1,"href":"https:\/\/iparaiba.com.br\/index.php\/wp-json\/wp\/v2\/posts\/134502\/revisions"}],"predecessor-version":[{"id":134541,"href":"https:\/\/iparaiba.com.br\/index.php\/wp-json\/wp\/v2\/posts\/134502\/revisions\/134541"}],"wp:featuredmedia":[{"embeddable":true,"href":"https:\/\/iparaiba.com.br\/index.php\/wp-json\/wp\/v2\/media\/97627"}],"wp:attachment":[{"href":"https:\/\/iparaiba.com.br\/index.php\/wp-json\/wp\/v2\/media?parent=134502"}],"wp:term":[{"taxonomy":"category","embeddable":true,"href":"https:\/\/iparaiba.com.br\/index.php\/wp-json\/wp\/v2\/categories?post=134502"},{"taxonomy":"post_tag","embeddable":true,"href":"https:\/\/iparaiba.com.br\/index.php\/wp-json\/wp\/v2\/tags?post=134502"}],"curies":[{"name":"wp","href":"https:\/\/api.w.org\/{rel}","templated":true}]}}