{"id":134499,"date":"2025-02-25T10:00:46","date_gmt":"2025-02-25T13:00:46","guid":{"rendered":"https:\/\/onordeste.com.br\/?p=134492"},"modified":"2025-02-25T10:00:46","modified_gmt":"2025-02-25T13:00:46","slug":"poder-executivo-adquire-cotas-de-patrocinio-do-treze-e-do-campinense","status":"publish","type":"post","link":"https:\/\/iparaiba.com.br\/index.php\/2025\/02\/25\/poder-executivo-adquire-cotas-de-patrocinio-do-treze-e-do-campinense\/","title":{"rendered":"Poder Executivo adquire cotas de patroc\u00ednio do Treze e do Campinense"},"content":{"rendered":"<p>A 7\u00aa Sess\u00e3o Ordin\u00e1ria foi realizada na manh\u00e3 de hoje (18) com a presid\u00eancia do vereador Luciano Breno e\u00a0secretariada por Saulo Noronha, al\u00e9m da presen\u00e7a de 17 vereadores, que participaram do pequeno e grande expediente. Na Ordem do Dia, foi aprovado por unanimidade o Projeto de Lei n\u00ba 100, de autoria do Poder Executivo, que permite atrav\u00e9s da Secretaria de Esporte, Juventude e Lazer \u2013 SEJEL, adquirir cotas de patroc\u00ednio do Treze Futebol Clube e do Campinense Clube.<\/p>\n<p>Os recursos ser\u00e3o destinados aos clubes tradicionais do munic\u00edpio e constituem um incentivo ao desenvolvimento econ\u00f4mico, esportivo, cultural e social da cidade. Al\u00e9m dos benef\u00edcios gerados pela publicidade tur\u00edstica da cidade, o presente Projeto de Lei tamb\u00e9m prev\u00ea contrapartida social a serem promovidas pelos clubes patrocinados, como a permiss\u00e3o de visitas ao espa\u00e7o do Centro de Treinamento e disponibiliza\u00e7\u00e3o de reserva m\u00ednima de 20% das vagas em suas categorias de base para alunos matriculados na rede p\u00fablica de ensino, bem como na promo\u00e7\u00e3o da inclus\u00e3o esportiva de Pessoas Com Defici\u00eancia e Mobilidade Reduzida.<\/p>\n<p>O Poder Executivo Municipal, atrav\u00e9s da SEJEL, poder\u00e1 firmar contrato de patroc\u00ednio respeitando os valores de R$ 150.000,00 (cento e cinquenta mil reais) para o Clube que participar do Campeonato Paraibano de 2025 \u2013 Primeira Divis\u00e3o e S\u00e9rie D.<\/p>\n","protected":false},"excerpt":{"rendered":"<p>A 7\u00aa Sess\u00e3o Ordin\u00e1ria foi realizada na manh\u00e3 de hoje (18) com a presid\u00eancia do vereador Luciano Breno e\u00a0secretariada por Saulo Noronha, al\u00e9m da presen\u00e7a de 17 vereadores, que participaram do pequeno e grande expediente. Na Ordem do Dia, foi aprovado por unanimidade o Projeto de Lei n\u00ba 100, de autoria do Poder Executivo, que &hellip;<\/p>\n","protected":false},"author":1,"featured_media":106733,"comment_status":"open","ping_status":"open","sticky":false,"template":"","format":"standard","meta":{"footnotes":""},"categories":[3],"tags":[],"class_list":["post-134499","post","type-post","status-publish","format-standard","has-post-thumbnail","hentry","category-nordeste"],"_links":{"self":[{"href":"https:\/\/iparaiba.com.br\/index.php\/wp-json\/wp\/v2\/posts\/134499","targetHints":{"allow":["GET"]}}],"collection":[{"href":"https:\/\/iparaiba.com.br\/index.php\/wp-json\/wp\/v2\/posts"}],"about":[{"href":"https:\/\/iparaiba.com.br\/index.php\/wp-json\/wp\/v2\/types\/post"}],"author":[{"embeddable":true,"href":"https:\/\/iparaiba.com.br\/index.php\/wp-json\/wp\/v2\/users\/1"}],"replies":[{"embeddable":true,"href":"https:\/\/iparaiba.com.br\/index.php\/wp-json\/wp\/v2\/comments?post=134499"}],"version-history":[{"count":1,"href":"https:\/\/iparaiba.com.br\/index.php\/wp-json\/wp\/v2\/posts\/134499\/revisions"}],"predecessor-version":[{"id":134538,"href":"https:\/\/iparaiba.com.br\/index.php\/wp-json\/wp\/v2\/posts\/134499\/revisions\/134538"}],"wp:featuredmedia":[{"embeddable":true,"href":"https:\/\/iparaiba.com.br\/index.php\/wp-json\/wp\/v2\/media\/106733"}],"wp:attachment":[{"href":"https:\/\/iparaiba.com.br\/index.php\/wp-json\/wp\/v2\/media?parent=134499"}],"wp:term":[{"taxonomy":"category","embeddable":true,"href":"https:\/\/iparaiba.com.br\/index.php\/wp-json\/wp\/v2\/categories?post=134499"},{"taxonomy":"post_tag","embeddable":true,"href":"https:\/\/iparaiba.com.br\/index.php\/wp-json\/wp\/v2\/tags?post=134499"}],"curies":[{"name":"wp","href":"https:\/\/api.w.org\/{rel}","templated":true}]}}