{"id":134497,"date":"2025-02-25T06:00:14","date_gmt":"2025-02-25T09:00:14","guid":{"rendered":"https:\/\/onordeste.com.br\/?p=134488"},"modified":"2025-02-25T06:00:14","modified_gmt":"2025-02-25T09:00:14","slug":"definidas-composicao-de-comissoes-permanentes","status":"publish","type":"post","link":"https:\/\/iparaiba.com.br\/index.php\/2025\/02\/25\/definidas-composicao-de-comissoes-permanentes\/","title":{"rendered":"Definidas composi\u00e7\u00e3o de comiss\u00f5es permanentes"},"content":{"rendered":"<p align=\"justify\"><span lang=\"pt-BR\">A C\u00e2mara Municipal de Jo\u00e3o Pessoa (CMJP) definiu a composi\u00e7\u00e3o das comiss\u00f5es permanentes da Casa. As comiss\u00f5es t\u00eam como objetivo primordial estudar, discutir e emitir parecer sobre as mat\u00e9rias legislativas que tramitar\u00e3o na Casa Napole\u00e3o Laureano. A composi\u00e7\u00e3o foi publicada no\u00a0<\/span><span lang=\"zxx\"><u><a href=\"https:\/\/diario.interno.joaopessoa.pb.leg.br\/uploads\/store\/official_journals\/2025_especial_839.pdf\" target=\"_blank\" rel=\"noopener\" data-saferedirecturl=\"https:\/\/www.google.com\/url?q=https:\/\/diario.interno.joaopessoa.pb.leg.br\/uploads\/store\/official_journals\/2025_especial_839.pdf&amp;source=gmail&amp;ust=1740494144102000&amp;usg=AOvVaw22PgHW5L4CDBS3kZOuKOtf\"><span lang=\"pt-BR\">Di\u00e1rio Oficial<\/span><\/a><\/u><\/span><span lang=\"pt-BR\"> e anunciada pelo presidente Dinho (PSD), na sess\u00e3o ordin\u00e1ria desta quinta-feira (13).<\/span><\/p>\n<p align=\"justify\">Dinho explicou que todas as quatro comiss\u00f5es permanentes da Casa ter\u00e3o sete integrantes, contemplando os 28 parlamentares, \u201cficando garantida a participa\u00e7\u00e3o de todos os vereadores em comiss\u00f5es\u201d. O presidente tamb\u00e9m esclareceu que a composi\u00e7\u00e3o respeitou o Regimento Interno que, em seus artigos 50 e 38, define que na falta de indica\u00e7\u00e3o das lideran\u00e7as sobre os nomes de suas representa\u00e7\u00f5es dentro do prazo de duas sess\u00f5es, o presidente far\u00e1 a designa\u00e7\u00e3o de acordo com a propor\u00e7\u00e3o partid\u00e1ria.<\/p>\n<p align=\"justify\">Dessa forma, a Comiss\u00e3o de Constitui\u00e7\u00e3o, Justi\u00e7a, Reda\u00e7\u00e3o e Legisla\u00e7\u00e3o Participativa (CCJ) tem a seguinte composi\u00e7\u00e3o: Dam\u00e1sio Franca (PP), presidente; Valdir Trindade (Republicanos), vice-presidente; Carl\u00e3o, Durval Ferreira (ambos PL), Marcos Vin\u00edcius (PDT), Milanez Neto (MDB) e Odon Bezerra (PSB) como membros. \u201cPodem ter certeza de que a gente vai trabalhar dando celeridade a todas as mat\u00e9rias\u201d, garantiu o presidente da comiss\u00e3o, Dam\u00e1sio Franca.<\/p>\n<p align=\"justify\">A Comiss\u00e3o de Finan\u00e7as, Or\u00e7amento, Obras e Administra\u00e7\u00e3o P\u00fablica (CFO) tem como presidente o vereador Tarc\u00edsio Jardim (PP), F\u00e1bio Lopes (PL) como vice-presidente e Jo\u00e3o Almeida (PDT), Marmuthe Cavalcanti (Republicanos), Marcos Bandeira (Avante), Marcos Henriques (PT) e Mikika Leit\u00e3o (Republicanos) como membros.<\/p>\n<p align=\"justify\">\u201c<span lang=\"pt-BR\">Nesta comiss\u00e3o vamos executar as atividades de auditoria, fiscaliza\u00e7\u00e3o cont\u00e1bil e or\u00e7ament\u00e1ria, planejamento e, principalmente, zelo pelo dinheiro p\u00fablico, do cidad\u00e3o que est\u00e1 em casa, do pagador de impostos que quer uma sa\u00fade, educa\u00e7\u00e3o e transporte melhor. Vamos trabalhar quando vier a Lei Or\u00e7ament\u00e1ria Anual (LOA) e todas as demandas para entregar o melhor para a sociedade de Jo\u00e3o Pessoa\u201d, declarou o vice-presidente da CFO, F\u00e1bio Lopes.<\/span><\/p>\n<p align=\"justify\">J\u00e1 a Comiss\u00e3o de Pol\u00edticas P\u00fablicas (CPP) tem como presidente a vereadora Jailma Carvalho (PSB), \u00cdcaro Chaves (Podemos) como vice-presidente e Bosquinho (PV), Eliza Virg\u00ednia (PP), F\u00e1bio Carneiro (Solidariedade), R\u00f4mulo Dantas (Mobiliza) e Toinho P\u00e9 de A\u00e7o (Republicanos) como membros.<\/p>\n<p align=\"justify\">\u201c<span lang=\"pt-BR\">Esta fun\u00e7\u00e3o vai muito al\u00e9m de debates e proposi\u00e7\u00f5es, temos a responsabilidade de analisar, discutir e impulsionar todas as pol\u00edticas p\u00fablicas que impactam o dia a dia das pessoas, corrigir as desigualdades e construir uma cidade mais justa e eficiente para todos\u201d, afirmou o vice-presidente da comiss\u00e3o, \u00cdcaro Chaves, agradecendo a confian\u00e7a dos pares nesta miss\u00e3o.<\/span><\/p>\n<p align=\"justify\">E, por fim, a Comiss\u00e3o de Cidadania, Direitos Humanos e Defesa do Consumidor (CCDHDC) tem como presidente o vereador Guguinha Moov Jampa (PSD), Edmilson Soares (PSB) como vice-presidente e Chico do Sindicato (Avante), Guga Pet (PP), Jo\u00e3o Corujinha (PP), Lu\u00eds da Padaria (Agir) e Thiago Lucena (DC) como membros.<\/p>\n<p align=\"justify\"><span lang=\"pt-BR\">A Mesa Diretora recebeu, na manh\u00e3 desta quinta-feira (13), um of\u00edcio do vereador F\u00e1bio Carneiro indicando integrantes de seu\u00a0<\/span><span lang=\"zxx\"><u><a href=\"https:\/\/sapl.joaopessoa.pb.leg.br\/sistema\/bloco-membros\/1\/blocomembro\" target=\"_blank\" rel=\"noopener\" data-saferedirecturl=\"https:\/\/www.google.com\/url?q=https:\/\/sapl.joaopessoa.pb.leg.br\/sistema\/bloco-membros\/1\/blocomembro&amp;source=gmail&amp;ust=1740494144102000&amp;usg=AOvVaw0xQGs3TiXGy1i1DkMk47hi\"><span lang=\"pt-BR\">bloco parlamentar<\/span><\/a><\/u><\/span><span lang=\"pt-BR\">\u00a0para as comiss\u00f5es. No entanto, o of\u00edcio foi entregue ap\u00f3s a publica\u00e7\u00e3o das composi\u00e7\u00f5es no Di\u00e1rio Oficial. Segundo o presidente Dinho, existem apenas duas diverg\u00eancias sobre os nomes indicados para comp\u00f4r as comiss\u00f5es. \u201cN\u00e3o tenha d\u00favida de que vamos analisar, sentar e dialogar\u201d, garantiu o presidente da Casa. \u201cTenho certeza absoluta de que Vossa Excel\u00eancia vai conduzir da melhor forma poss\u00edvel o requerimento, at\u00e9 porque Vossa Excel\u00eancia tem esse perfil de grande democrata\u201d, afirmou F\u00e1bio Carneiro.<\/span><\/p>\n<p align=\"justify\">CMJP<\/p>\n","protected":false},"excerpt":{"rendered":"<p>A C\u00e2mara Municipal de Jo\u00e3o Pessoa (CMJP) definiu a composi\u00e7\u00e3o das comiss\u00f5es permanentes da Casa. As comiss\u00f5es t\u00eam como objetivo primordial estudar, discutir e emitir parecer sobre as mat\u00e9rias legislativas que tramitar\u00e3o na Casa Napole\u00e3o Laureano. A composi\u00e7\u00e3o foi publicada no\u00a0Di\u00e1rio Oficial e anunciada pelo presidente Dinho (PSD), na sess\u00e3o ordin\u00e1ria desta quinta-feira (13). Dinho &hellip;<\/p>\n","protected":false},"author":1,"featured_media":97717,"comment_status":"open","ping_status":"open","sticky":false,"template":"","format":"standard","meta":{"footnotes":""},"categories":[8],"tags":[],"class_list":["post-134497","post","type-post","status-publish","format-standard","has-post-thumbnail","hentry","category-politica"],"_links":{"self":[{"href":"https:\/\/iparaiba.com.br\/index.php\/wp-json\/wp\/v2\/posts\/134497","targetHints":{"allow":["GET"]}}],"collection":[{"href":"https:\/\/iparaiba.com.br\/index.php\/wp-json\/wp\/v2\/posts"}],"about":[{"href":"https:\/\/iparaiba.com.br\/index.php\/wp-json\/wp\/v2\/types\/post"}],"author":[{"embeddable":true,"href":"https:\/\/iparaiba.com.br\/index.php\/wp-json\/wp\/v2\/users\/1"}],"replies":[{"embeddable":true,"href":"https:\/\/iparaiba.com.br\/index.php\/wp-json\/wp\/v2\/comments?post=134497"}],"version-history":[{"count":1,"href":"https:\/\/iparaiba.com.br\/index.php\/wp-json\/wp\/v2\/posts\/134497\/revisions"}],"predecessor-version":[{"id":134536,"href":"https:\/\/iparaiba.com.br\/index.php\/wp-json\/wp\/v2\/posts\/134497\/revisions\/134536"}],"wp:featuredmedia":[{"embeddable":true,"href":"https:\/\/iparaiba.com.br\/index.php\/wp-json\/wp\/v2\/media\/97717"}],"wp:attachment":[{"href":"https:\/\/iparaiba.com.br\/index.php\/wp-json\/wp\/v2\/media?parent=134497"}],"wp:term":[{"taxonomy":"category","embeddable":true,"href":"https:\/\/iparaiba.com.br\/index.php\/wp-json\/wp\/v2\/categories?post=134497"},{"taxonomy":"post_tag","embeddable":true,"href":"https:\/\/iparaiba.com.br\/index.php\/wp-json\/wp\/v2\/tags?post=134497"}],"curies":[{"name":"wp","href":"https:\/\/api.w.org\/{rel}","templated":true}]}}