{"id":134496,"date":"2025-02-24T17:46:02","date_gmt":"2025-02-24T20:46:02","guid":{"rendered":"https:\/\/onordeste.com.br\/?p=134486"},"modified":"2025-02-24T17:46:02","modified_gmt":"2025-02-24T20:46:02","slug":"fortalecimento-das-visas-municipais","status":"publish","type":"post","link":"https:\/\/iparaiba.com.br\/index.php\/2025\/02\/24\/fortalecimento-das-visas-municipais\/","title":{"rendered":"Fortalecimento das Visas Municipais"},"content":{"rendered":"<p style=\"font-weight: 400;\">O Governo do Estado, atrav\u00e9s da Agevisa\/PB, est\u00e1 investindo no fortalecimento da sa\u00fade p\u00fablica, no \u00e2mbito da Vigil\u00e2ncia Sanit\u00e1ria, com a realiza\u00e7\u00e3o de Oficinas sobre Diretrizes para Cria\u00e7\u00e3o e\/ou Atualiza\u00e7\u00e3o de C\u00f3digos Sanit\u00e1rios destinadas a capacitar coordenadores e inspetores\/fiscais sanit\u00e1rios das Visas Municipais para que possam contribuir nos processos de cria\u00e7\u00e3o ou de atualiza\u00e7\u00e3o dos regramentos sanit\u00e1rios dos munic\u00edpios integrantes das tr\u00eas Macrorregi\u00f5es de Sa\u00fade da Para\u00edba.<\/p>\n<p style=\"font-weight: 400;\">Na primeira Macro, integrada por 64 cidades e polarizada pelo munic\u00edpio de Jo\u00e3o Pessoa, as Oficinas foram iniciadas na manh\u00e3 de quarta-feira (12), no Audit\u00f3rio do Senac (Servi\u00e7o Nacional de Aprendizagem Comercial), tiveram continuidade no Audit\u00f3rio da Agevisa\/PB, na Avenida Jo\u00e3o Machado, n\u00ba 109 &#8211; 1\u00ba Andar, e se encerraram na tarde desta sexta-feira (14).<\/p>\n<p style=\"font-weight: 400;\">Na segunda Macro, composta por 70 munic\u00edpios, os trabalhos ser\u00e3o realizados nos per\u00edodos da manh\u00e3 e tarde dos dias 17, 18 e 19 (de segunda a quarta-feira da pr\u00f3xima semana), no Audit\u00f3rio do Sesc (Servi\u00e7o Social do Com\u00e9rcio), \u00e0 Avenida Gil\u00f3 Guedes, n\u00ba 650, no Centro de Campina Grande. J\u00e1 na terceira Macrorregi\u00e3o de Sa\u00fade, polarizada pelo Munic\u00edpio de Patos, as Oficinas ser\u00e3o realizadas em datas ainda a serem definidas.<\/p>\n<p style=\"font-weight: 400;\">O Curso para implanta\u00e7\u00e3o das Diretrizes constante do Manual do C\u00f3digo Sanit\u00e1rio para o Sistema Nacional da Vigil\u00e2ncia Sanit\u00e1ria (SNVS\/Anvisa) \u00e9 ministrado pela advogada especialista em Direito Sanit\u00e1rio, Seguran\u00e7a do Paciente e Direito Administrativo, Lindinalva Helena Barbosa Teixeira, consultora da Ag\u00eancia Nacional de Vigil\u00e2ncia Sanit\u00e1ria (Anvisa) na \u00e1rea de Direito Sanit\u00e1rio, e conta com a participa\u00e7\u00e3o da psic\u00f3loga Claudiene Deolindo Vital Teixeira, respons\u00e1vel pela discuss\u00e3o relacionada \u00e0s emo\u00e7\u00f5es dos inspetores\/fiscais sanit\u00e1rios no exerc\u00edcio da profiss\u00e3o.<\/p>\n","protected":false},"excerpt":{"rendered":"<p>O Governo do Estado, atrav\u00e9s da Agevisa\/PB, est\u00e1 investindo no fortalecimento da sa\u00fade p\u00fablica, no \u00e2mbito da Vigil\u00e2ncia Sanit\u00e1ria, com a realiza\u00e7\u00e3o de Oficinas sobre Diretrizes para Cria\u00e7\u00e3o e\/ou Atualiza\u00e7\u00e3o de C\u00f3digos Sanit\u00e1rios destinadas a capacitar coordenadores e inspetores\/fiscais sanit\u00e1rios das Visas Municipais para que possam contribuir nos processos de cria\u00e7\u00e3o ou de atualiza\u00e7\u00e3o dos &hellip;<\/p>\n","protected":false},"author":1,"featured_media":100919,"comment_status":"open","ping_status":"open","sticky":false,"template":"","format":"standard","meta":{"footnotes":""},"categories":[7],"tags":[],"class_list":["post-134496","post","type-post","status-publish","format-standard","has-post-thumbnail","hentry","category-diversas"],"_links":{"self":[{"href":"https:\/\/iparaiba.com.br\/index.php\/wp-json\/wp\/v2\/posts\/134496","targetHints":{"allow":["GET"]}}],"collection":[{"href":"https:\/\/iparaiba.com.br\/index.php\/wp-json\/wp\/v2\/posts"}],"about":[{"href":"https:\/\/iparaiba.com.br\/index.php\/wp-json\/wp\/v2\/types\/post"}],"author":[{"embeddable":true,"href":"https:\/\/iparaiba.com.br\/index.php\/wp-json\/wp\/v2\/users\/1"}],"replies":[{"embeddable":true,"href":"https:\/\/iparaiba.com.br\/index.php\/wp-json\/wp\/v2\/comments?post=134496"}],"version-history":[{"count":1,"href":"https:\/\/iparaiba.com.br\/index.php\/wp-json\/wp\/v2\/posts\/134496\/revisions"}],"predecessor-version":[{"id":134535,"href":"https:\/\/iparaiba.com.br\/index.php\/wp-json\/wp\/v2\/posts\/134496\/revisions\/134535"}],"wp:featuredmedia":[{"embeddable":true,"href":"https:\/\/iparaiba.com.br\/index.php\/wp-json\/wp\/v2\/media\/100919"}],"wp:attachment":[{"href":"https:\/\/iparaiba.com.br\/index.php\/wp-json\/wp\/v2\/media?parent=134496"}],"wp:term":[{"taxonomy":"category","embeddable":true,"href":"https:\/\/iparaiba.com.br\/index.php\/wp-json\/wp\/v2\/categories?post=134496"},{"taxonomy":"post_tag","embeddable":true,"href":"https:\/\/iparaiba.com.br\/index.php\/wp-json\/wp\/v2\/tags?post=134496"}],"curies":[{"name":"wp","href":"https:\/\/api.w.org\/{rel}","templated":true}]}}