{"id":134494,"date":"2025-02-24T13:00:09","date_gmt":"2025-02-24T16:00:09","guid":{"rendered":"https:\/\/onordeste.com.br\/?p=134482"},"modified":"2025-02-24T13:00:09","modified_gmt":"2025-02-24T16:00:09","slug":"aprovada-criacao-de-tres-secretarias-e-seis-frentes-parlamentares","status":"publish","type":"post","link":"https:\/\/iparaiba.com.br\/index.php\/2025\/02\/24\/aprovada-criacao-de-tres-secretarias-e-seis-frentes-parlamentares\/","title":{"rendered":"Aprovada cria\u00e7\u00e3o de tr\u00eas secretarias e seis Frentes Parlamentares"},"content":{"rendered":"<p align=\"justify\">A C\u00e2mara Municipal de Jo\u00e3o Pessoa (CMJP) aprovou 14 mat\u00e9rias, das quais tr\u00eas s\u00e3o tr\u00eas Medidas Provis\u00f3rias (MP) que criam secretarias municipais. Os parlamentares tamb\u00e9m aprovaram a constitui\u00e7\u00e3o de seis Frentes Parlamentares na Casa.<\/p>\n<p align=\"justify\">As tr\u00eas Medida Provis\u00f3rias aprovadas criam novas secretarias na estrutura da Prefeitura Municipal de Jo\u00e3o Pessoa (PMJP). A MP\u00a0<u><a href=\"https:\/\/sapl.joaopessoa.pb.leg.br\/materia\/pesquisar-materia?tipo=16&amp;ementa=&amp;numero=60&amp;numeracao__numero_materia=&amp;numero_protocolo=&amp;ano=2025&amp;autoria__autor=&amp;autoria__primeiro_autor\" target=\"_blank\" rel=\"noopener\" data-saferedirecturl=\"https:\/\/www.google.com\/url?q=https:\/\/sapl.joaopessoa.pb.leg.br\/materia\/pesquisar-materia?tipo%3D16%26ementa%3D%26numero%3D60%26numeracao__numero_materia%3D%26numero_protocolo%3D%26ano%3D2025%26autoria__autor%3D%26autoria__primeiro_autor&amp;source=gmail&amp;ust=1740494143257000&amp;usg=AOvVaw2hfMSpqNffqx-wt_gDU2ov\">60\/2025<\/a><\/u>\u00a0disp\u00f5e sobre a cria\u00e7\u00e3o da Secretaria Municipal de Preserva\u00e7\u00e3o, Revitaliza\u00e7\u00e3o e Inova\u00e7\u00e3o do Centro Hist\u00f3rico (Inovacentro), com a finalidade de coordenar, planejar e implementar pol\u00edticas p\u00fablicas voltadas \u00e0 preserva\u00e7\u00e3o, revitaliza\u00e7\u00e3o urbana, desenvolvimento econ\u00f4mico, inova\u00e7\u00e3o tecnol\u00f3gica e valoriza\u00e7\u00e3o cultural do Centro Hist\u00f3rico. J\u00e1 a MP\u00a0<u><a href=\"https:\/\/sapl.joaopessoa.pb.leg.br\/materia\/pesquisar-materia?tipo=16&amp;ementa=&amp;numero=61&amp;numeracao__numero_materia=&amp;numero_protocolo=&amp;ano=2025&amp;autoria__autor=&amp;autoria__primeiro_autor=unknown&amp;autoria__autor__tipo=&amp;autoria__autor__parlamentar_set__filiacao__partido=&amp;o=&amp;tipo_listagem=1&amp;tipo_origem_externa=&amp;numero_origem_externa=&amp;ano_origem_externa=&amp;data_origem_externa_0=&amp;data_origem_externa_1=&amp;local_origem_externa=&amp;data_apresentacao_0=&amp;data_apresentacao_1=&amp;data_publicacao_0=&amp;data_publicacao_1=&amp;relatoria__parlamentar_id=&amp;em_tramitacao=&amp;tramitacao__unidade_tramitacao_destino=&amp;tramitacao__status=&amp;materiaassunto__assunto=&amp;indexacao=&amp;regime_tramitacao=&amp;salvar=Pesquisar\" target=\"_blank\" rel=\"noopener\" data-saferedirecturl=\"https:\/\/www.google.com\/url?q=https:\/\/sapl.joaopessoa.pb.leg.br\/materia\/pesquisar-materia?tipo%3D16%26ementa%3D%26numero%3D61%26numeracao__numero_materia%3D%26numero_protocolo%3D%26ano%3D2025%26autoria__autor%3D%26autoria__primeiro_autor%3Dunknown%26autoria__autor__tipo%3D%26autoria__autor__parlamentar_set__filiacao__partido%3D%26o%3D%26tipo_listagem%3D1%26tipo_origem_externa%3D%26numero_origem_externa%3D%26ano_origem_externa%3D%26data_origem_externa_0%3D%26data_origem_externa_1%3D%26local_origem_externa%3D%26data_apresentacao_0%3D%26data_apresentacao_1%3D%26data_publicacao_0%3D%26data_publicacao_1%3D%26relatoria__parlamentar_id%3D%26em_tramitacao%3D%26tramitacao__unidade_tramitacao_destino%3D%26tramitacao__status%3D%26materiaassunto__assunto%3D%26indexacao%3D%26regime_tramitacao%3D%26salvar%3DPesquisar&amp;source=gmail&amp;ust=1740494143257000&amp;usg=AOvVaw2d-IjcyBuozbgg7opurugh\">61\/2025<\/a><\/u>\u00a0cria a Secretaria Municipal de Servi\u00e7os Urbanos e Zeladoria (Sesuz), que visa modernizar e estruturar de forma eficiente os servi\u00e7os urbanos essenciais \u00e0 nossa cidade, garantindo maior celeridade e efic\u00e1cia na manuten\u00e7\u00e3o, recupera\u00e7\u00e3o e conserva\u00e7\u00e3o dos bens p\u00fablicos, equipamentos urbanos, espa\u00e7os p\u00fablicos, infraestrutura vi\u00e1ria e paisagismo urbano. Por sua vez, a MP\u00a0<u><a href=\"https:\/\/sapl.joaopessoa.pb.leg.br\/materia\/pesquisar-materia?tipo=16&amp;ementa=&amp;numero=64&amp;numeracao__numero_materia=&amp;numero_protocolo=&amp;ano=2025&amp;autoria__autor=&amp;autoria__primeiro_autor=unknown&amp;autoria__autor__tipo=&amp;autoria__autor__parlamentar_set__filiacao__partido=&amp;o=&amp;tipo_listagem=1&amp;tipo_origem_externa=&amp;numero_origem_externa=&amp;ano_origem_externa=&amp;data_origem_externa_0=&amp;data_origem_externa_1=&amp;local_origem_externa=&amp;data_apresentacao_0=&amp;data_apresentacao_1=&amp;data_publicacao_0=&amp;data_publicacao_1=&amp;relatoria__parlamentar_id=&amp;em_tramitacao=&amp;tramitacao__unidade_tramitacao_destino=&amp;tramitacao__status=&amp;materiaassunto__assunto=&amp;indexacao=&amp;regime_tramitacao=&amp;salvar=Pesquisar\" target=\"_blank\" rel=\"noopener\" data-saferedirecturl=\"https:\/\/www.google.com\/url?q=https:\/\/sapl.joaopessoa.pb.leg.br\/materia\/pesquisar-materia?tipo%3D16%26ementa%3D%26numero%3D64%26numeracao__numero_materia%3D%26numero_protocolo%3D%26ano%3D2025%26autoria__autor%3D%26autoria__primeiro_autor%3Dunknown%26autoria__autor__tipo%3D%26autoria__autor__parlamentar_set__filiacao__partido%3D%26o%3D%26tipo_listagem%3D1%26tipo_origem_externa%3D%26numero_origem_externa%3D%26ano_origem_externa%3D%26data_origem_externa_0%3D%26data_origem_externa_1%3D%26local_origem_externa%3D%26data_apresentacao_0%3D%26data_apresentacao_1%3D%26data_publicacao_0%3D%26data_publicacao_1%3D%26relatoria__parlamentar_id%3D%26em_tramitacao%3D%26tramitacao__unidade_tramitacao_destino%3D%26tramitacao__status%3D%26materiaassunto__assunto%3D%26indexacao%3D%26regime_tramitacao%3D%26salvar%3DPesquisar&amp;source=gmail&amp;ust=1740494143257000&amp;usg=AOvVaw23Ys2hZ-8CoP6u1y3TQiZJ\">64\/2025<\/a><\/u>\u00a0cria a Secretaria Municipal de Cuidado e Prote\u00e7\u00e3o Animal, respons\u00e1vel por articular pol\u00edticas p\u00fablicas integradas e supervisionar a\u00e7\u00f5es de prote\u00e7\u00e3o animal e de conscientiza\u00e7\u00e3o, al\u00e9m de garantir o cumprimento das normas de bem-estar animal.<\/p>\n<p align=\"justify\">Outras duas mat\u00e9rias de autoria do Executivo Municipal foram aprovadas. O Projeto de Lei Complementar (PLC)\u00a0<u><a href=\"https:\/\/sapl.joaopessoa.pb.leg.br\/materia\/pesquisar-materia?tipo=5&amp;ementa=&amp;numero=2&amp;numeracao__numero_materia=&amp;numero_protocolo=&amp;ano=2025&amp;autoria__autor=&amp;autoria__primeiro_autor=u\" target=\"_blank\" rel=\"noopener\" data-saferedirecturl=\"https:\/\/www.google.com\/url?q=https:\/\/sapl.joaopessoa.pb.leg.br\/materia\/pesquisar-materia?tipo%3D5%26ementa%3D%26numero%3D2%26numeracao__numero_materia%3D%26numero_protocolo%3D%26ano%3D2025%26autoria__autor%3D%26autoria__primeiro_autor%3Du&amp;source=gmail&amp;ust=1740494143257000&amp;usg=AOvVaw2-d_pKkIOZdIFk6vpgeBUo\">2\/2025<\/a><\/u>\u00a0autoriza a cria\u00e7\u00e3o da Funda\u00e7\u00e3o Casa de Napole\u00e3o Laureano, entidade de direito p\u00fablico com natureza jur\u00eddica de direito privado e vinculada \u00e0 C\u00e2mara Municipal de Jo\u00e3o Pessoa. De acordo com o Executivo Municipal, a estrutura da Funda\u00e7\u00e3o vai congregar todas as plataformas comunicacionais dispon\u00edveis atualmente para dar uma maior transpar\u00eancia das atividades legislativas, incluindo Televis\u00e3o, R\u00e1dio, Portal e M\u00eddias Sociais, bem como obriga\u00e7\u00f5es bem definidas voltadas para a capacita\u00e7\u00e3o e o incentivo a produ\u00e7\u00f5es audiovisuais de cunho educativo ou de divulga\u00e7\u00e3o da nossa cultura e hist\u00f3ria.<\/p>\n<p align=\"justify\">O PLO\u00a0<u><a href=\"http:\/\/apl.joaopessoa.pb.leg.br\/materia\/pesquisar-materia?tipo=1&amp;ementa=&amp;numero=50&amp;numeracao__numero_materia=&amp;numero_protocolo=&amp;ano=2025&amp;autoria__autor=&amp;autoria__primeiro_autor=unknown&amp;autoria__autor__tipo=&amp;aut\" target=\"_blank\" rel=\"noopener\" data-saferedirecturl=\"https:\/\/www.google.com\/url?q=http:\/\/apl.joaopessoa.pb.leg.br\/materia\/pesquisar-materia?tipo%3D1%26ementa%3D%26numero%3D50%26numeracao__numero_materia%3D%26numero_protocolo%3D%26ano%3D2025%26autoria__autor%3D%26autoria__primeiro_autor%3Dunknown%26autoria__autor__tipo%3D%26aut&amp;source=gmail&amp;ust=1740494143257000&amp;usg=AOvVaw1coHfhKmTr6HmqDEPnG7Gc\">50\/2025<\/a><\/u>\u00a0solicita autoriza\u00e7\u00e3o para a cria\u00e7\u00e3o e realoca\u00e7\u00e3o de a\u00e7\u00f5es de governo com suas classifica\u00e7\u00f5es institucionais e funcionais, atrav\u00e9s do instrumento do remanejamento contido entre v\u00e1rios \u00f3rg\u00e3os, pertencentes a estrutura organiza\u00e7\u00e3o b\u00e1sica do munic\u00edpio, exclusivamente para que se possa estruturar as novas Secretarias Municipais decorrentes da reforma administrativa realizada no in\u00edcio desta nova gest\u00e3o.<\/p>\n<p align=\"justify\"><b>Frentes Parlamentares<\/b><\/p>\n<p align=\"justify\">O Projeto de Resolu\u00e7\u00e3o\u00a0<u><a href=\"https:\/\/sapl.joaopessoa.pb.leg.br\/materia\/pesquisar-materia?tipo=2&amp;ementa=&amp;numero=02&amp;numeracao__numero_materia=&amp;numero_protocolo=&amp;ano=2025&amp;autoria__autor=&amp;autoria__primeiro_autor=\" target=\"_blank\" rel=\"noopener\" data-saferedirecturl=\"https:\/\/www.google.com\/url?q=https:\/\/sapl.joaopessoa.pb.leg.br\/materia\/pesquisar-materia?tipo%3D2%26ementa%3D%26numero%3D02%26numeracao__numero_materia%3D%26numero_protocolo%3D%26ano%3D2025%26autoria__autor%3D%26autoria__primeiro_autor%3D&amp;source=gmail&amp;ust=1740494143257000&amp;usg=AOvVaw1I5D9oxWLLl3f8jdN1zAM4\">02\/2025<\/a><\/u>, de autoria da Mesa Diretora da CMJP, aprovado, convalida o ato da Mesa Diretora que concedeu licen\u00e7a ao vereador Marc\u00edlio Pedro Siqueira Ferreira (Marc\u00edlio do HBE), que se afastou para assumir a Superintend\u00eancia Executiva de Mobilidade Urbana (Semob).<\/p>\n<p align=\"justify\">Tamb\u00e9m foram aprovados seis requerimentos de constitui\u00e7\u00e3o de Frentes Parlamentares na Casa. A Frente Parlamentar de Mobilidade Urbana visa desenvolver e propor melhorias para o aprimoramento do sistema de transporte p\u00fablico, a seguran\u00e7a no tr\u00e2nsito, a inclus\u00e3o e o incentivo aos meios de transportes sustent\u00e1veis e um planejamento urbano integrado, com a seguinte composi\u00e7\u00e3o: \u00cdcaro Chaves (Podemos), presidente; F\u00e1bio Lopes (PL), vice-presidente; Milanez Neto (MDB), F\u00e1bio Carneiro (Solidariedade) e Toinho P\u00e9 de A\u00e7o (Republicanos), membros.<\/p>\n<p align=\"justify\">A Frente Parlamentar de Sa\u00fade tem o objetivo fundamental de buscar o cumprimento integral da legisla\u00e7\u00e3o, com os seguintes membros: F\u00e1bio Lopes, presidente; Milanez Neto, vice-presidente; \u00cdcaro Chaves, Durval Ferreira e Carl\u00e3o, ambos do PL, como membros.<\/p>\n<p align=\"justify\">A Frente Parlamentar da Pessoa com Defici\u00eancia visa fomentar a promo\u00e7\u00e3o de discuss\u00f5es e aprimoramento da legisla\u00e7\u00e3o e de pol\u00edticas p\u00fablicas referentes a esse segmento no Munic\u00edpio, e \u00e9 composta por Marmuthe Cavalcanti (Republicanos), como presidente; Jailma Carvalho (PSB), vice-presidente; Eliza Virg\u00ednia (PP), secret\u00e1ria; Dam\u00e1sio Franca (PP) e Guga Pet (PP).<\/p>\n<p align=\"justify\">A Frente Parlamentar de Urbanismo, Paisagismo, Patrim\u00f4nio Hist\u00f3rico e Servi\u00e7os P\u00fablicos tem o objetivo de propor e discutir a\u00e7\u00f5es que solucionem os problemas urbanos do Munic\u00edpio, a fim de criar cidades sustent\u00e1veis, saud\u00e1veis e atraentes, que, para tanto, necessitam ter efetividade na presta\u00e7\u00e3o dos servi\u00e7os p\u00fablicos. Comp\u00f5em a Frente: F\u00e1bio Carneiro, como presidente; Bosquinho (PV), como vice-presidente; Jo\u00e3o Corujinha (PP), \u00cdcaro Chaves e Lu\u00eds da Padaria (Agir), como membros.<\/p>\n<p align=\"justify\">A Frente Parlamentar de Aten\u00e7\u00e3o \u00e0 Sa\u00fade Mental tem o objetivo de promover a discuss\u00e3o e o aprimoramento da legisla\u00e7\u00e3o e investimentos na pol\u00edtica p\u00fablica de aten\u00e7\u00e3o \u00e0 Sa\u00fade Mental de Jo\u00e3o Pessoa, pautando a\u00e7\u00f5es que busquem garantir que o tema seja tratado com prioridade e seriedade. Integram a Frente: Jailma Carvalho, como presidente, e os vereadores Guguinha Moov Jampa (PSB), Edmilson Soares (PSB), R\u00f4mulo Dantas (Mobiliza) e Marmuthe Cavalcanti.<\/p>\n<p align=\"justify\">A Frente Parlamentar da Crian\u00e7a e do Adolescente visa construir a\u00e7\u00f5es que promovam, protejam e aperfei\u00e7oem direitos j\u00e1 consagrados no Estatuto da Crian\u00e7a e do Adolescente (ECA), e est\u00e1 composta da seguinte forma: Marcos Henriques (PT), como presidente, Milanez Neto, Marmuthe Cavalcanti, Jailma Carvalho e Toinho P\u00e9 de A\u00e7o como membros.<\/p>\n<p align=\"justify\">CMJP<\/p>\n","protected":false},"excerpt":{"rendered":"<p>A C\u00e2mara Municipal de Jo\u00e3o Pessoa (CMJP) aprovou 14 mat\u00e9rias, das quais tr\u00eas s\u00e3o tr\u00eas Medidas Provis\u00f3rias (MP) que criam secretarias municipais. Os parlamentares tamb\u00e9m aprovaram a constitui\u00e7\u00e3o de seis Frentes Parlamentares na Casa. As tr\u00eas Medida Provis\u00f3rias aprovadas criam novas secretarias na estrutura da Prefeitura Municipal de Jo\u00e3o Pessoa (PMJP). A MP\u00a060\/2025\u00a0disp\u00f5e sobre a &hellip;<\/p>\n","protected":false},"author":1,"featured_media":107752,"comment_status":"open","ping_status":"open","sticky":false,"template":"","format":"standard","meta":{"footnotes":""},"categories":[7],"tags":[],"class_list":["post-134494","post","type-post","status-publish","format-standard","has-post-thumbnail","hentry","category-diversas"],"_links":{"self":[{"href":"https:\/\/iparaiba.com.br\/index.php\/wp-json\/wp\/v2\/posts\/134494","targetHints":{"allow":["GET"]}}],"collection":[{"href":"https:\/\/iparaiba.com.br\/index.php\/wp-json\/wp\/v2\/posts"}],"about":[{"href":"https:\/\/iparaiba.com.br\/index.php\/wp-json\/wp\/v2\/types\/post"}],"author":[{"embeddable":true,"href":"https:\/\/iparaiba.com.br\/index.php\/wp-json\/wp\/v2\/users\/1"}],"replies":[{"embeddable":true,"href":"https:\/\/iparaiba.com.br\/index.php\/wp-json\/wp\/v2\/comments?post=134494"}],"version-history":[{"count":1,"href":"https:\/\/iparaiba.com.br\/index.php\/wp-json\/wp\/v2\/posts\/134494\/revisions"}],"predecessor-version":[{"id":134533,"href":"https:\/\/iparaiba.com.br\/index.php\/wp-json\/wp\/v2\/posts\/134494\/revisions\/134533"}],"wp:featuredmedia":[{"embeddable":true,"href":"https:\/\/iparaiba.com.br\/index.php\/wp-json\/wp\/v2\/media\/107752"}],"wp:attachment":[{"href":"https:\/\/iparaiba.com.br\/index.php\/wp-json\/wp\/v2\/media?parent=134494"}],"wp:term":[{"taxonomy":"category","embeddable":true,"href":"https:\/\/iparaiba.com.br\/index.php\/wp-json\/wp\/v2\/categories?post=134494"},{"taxonomy":"post_tag","embeddable":true,"href":"https:\/\/iparaiba.com.br\/index.php\/wp-json\/wp\/v2\/tags?post=134494"}],"curies":[{"name":"wp","href":"https:\/\/api.w.org\/{rel}","templated":true}]}}