{"id":134475,"date":"2025-02-18T14:36:12","date_gmt":"2025-02-18T17:36:12","guid":{"rendered":"https:\/\/onordeste.com.br\/?p=134434"},"modified":"2025-02-18T14:36:12","modified_gmt":"2025-02-18T17:36:12","slug":"vaticano-atualiza-estado-de-saude-do-papa-francisco","status":"publish","type":"post","link":"https:\/\/iparaiba.com.br\/index.php\/2025\/02\/18\/vaticano-atualiza-estado-de-saude-do-papa-francisco\/","title":{"rendered":"Vaticano atualiza estado de sa\u00fade do Papa Francisco"},"content":{"rendered":"<p>\u201cA noite transcorreu tranquila\u201d para o Papa Francisco, internado desde o \u00faltimo dia 14 de fevereiro no Hospital Gemelli, ap\u00f3s exames confirmarem que o Santo Padre sofre de uma infec\u00e7\u00e3o polimicrobiana das vias respirat\u00f3rias. A informa\u00e7\u00e3o foi dada pelo porta-voz do Vaticano, Matteo Bruni, aos in\u00fameros jornalistas reunidos na Sala de Imprensa da Santa S\u00e9.<\/p>\n<p><strong>Repouso absoluto<\/strong><br \/>\n\u201cO Papa dormiu, ao acordar tomou caf\u00e9 da manh\u00e3 e se dedicou \u00e0 leitura de alguns jornais, como faz regularmente\u201d, disse Bruni, explicando que, no final da tarde, ser\u00e3o divulgadas novas informa\u00e7\u00f5es m\u00e9dicas. No momento, o Pont\u00edfice respira autonomamente, conforme informado na Sala de Imprensa, e segue a recomenda\u00e7\u00e3o de \u201crepouso absoluto\u201d, prescrita pela equipe m\u00e9dica que o acompanha h\u00e1 quatro dias. Por essa raz\u00e3o, o Papa n\u00e3o conduziu a ora\u00e7\u00e3o do \u00c2ngelus no \u00faltimo domingo.<\/p>\n<p><strong>Mudan\u00e7as na agenda<\/strong><br \/>\nAt\u00e9 o momento, n\u00e3o h\u00e1 informa\u00e7\u00f5es sobre o pr\u00f3ximo domingo ou outras altera\u00e7\u00f5es na agenda papal. A \u00fanica informa\u00e7\u00e3o divulgada nesta manh\u00e3 \u00e9 que os compromissos de s\u00e1bado, 22 de fevereiro, foram cancelados. J\u00e1 para a Missa prevista no domingo, 23 de fevereiro, \u00e0s 9h, na Bas\u00edlica de S\u00e3o Pedro, em ocasi\u00e3o do Jubileu dos di\u00e1conos, o Papa Francisco delegou a Dom Rino Fisichella, pr\u00f3-prefeito do Dicast\u00e9rio para a Evangeliza\u00e7\u00e3o.<\/p>\n<p><strong>Liga\u00e7\u00f5es para Gaza<\/strong><br \/>\nNo entanto, como tamb\u00e9m confirmado por um comunicado divulgado na noite de ontem, o Papa continua seguindo a terapia prescrita pelos m\u00e9dicos. Francisco segue telefonando para a Par\u00f3quia da Sagrada Fam\u00edlia em Gaza, como confirmou o p\u00e1roco, padre Gabriel Romanelli, que relatou uma nova videochamada do Pont\u00edfice, na qual sua voz soava \u201cforte e clara\u201d.<\/p>\n<p><strong>Desenhos e mensagens das crian\u00e7as<\/strong><br \/>\nAl\u00e9m disso, Francisco tem recebido centenas de mensagens com votos de pronta recupera\u00e7\u00e3o, al\u00e9m de desenhos e bilhetes. Alguns deles foram enviados por crian\u00e7as internadas no Hospital Gemelli, especialmente aquelas do setor de oncologia, localizado no mesmo d\u00e9cimo andar onde o Papa est\u00e1. Nessas ocasi\u00f5es anteriores em que esteve internado no hospital, Francisco nunca deixou de visitar essas crian\u00e7as.<\/p>\n<p><em>*Informa\u00e7\u00f5es do Vatican News<\/em><\/p>\n","protected":false},"excerpt":{"rendered":"<p>\u201cA noite transcorreu tranquila\u201d para o Papa Francisco, internado desde o \u00faltimo dia 14 de fevereiro no Hospital Gemelli, ap\u00f3s exames confirmarem que o Santo Padre sofre de uma infec\u00e7\u00e3o polimicrobiana das vias respirat\u00f3rias. A informa\u00e7\u00e3o foi dada pelo porta-voz do Vaticano, Matteo Bruni, aos in\u00fameros jornalistas reunidos na Sala de Imprensa da Santa S\u00e9. &hellip;<\/p>\n","protected":false},"author":1,"featured_media":111016,"comment_status":"open","ping_status":"open","sticky":false,"template":"","format":"standard","meta":{"footnotes":""},"categories":[10],"tags":[],"class_list":["post-134475","post","type-post","status-publish","format-standard","has-post-thumbnail","hentry","category-manchetes"],"_links":{"self":[{"href":"https:\/\/iparaiba.com.br\/index.php\/wp-json\/wp\/v2\/posts\/134475","targetHints":{"allow":["GET"]}}],"collection":[{"href":"https:\/\/iparaiba.com.br\/index.php\/wp-json\/wp\/v2\/posts"}],"about":[{"href":"https:\/\/iparaiba.com.br\/index.php\/wp-json\/wp\/v2\/types\/post"}],"author":[{"embeddable":true,"href":"https:\/\/iparaiba.com.br\/index.php\/wp-json\/wp\/v2\/users\/1"}],"replies":[{"embeddable":true,"href":"https:\/\/iparaiba.com.br\/index.php\/wp-json\/wp\/v2\/comments?post=134475"}],"version-history":[{"count":0,"href":"https:\/\/iparaiba.com.br\/index.php\/wp-json\/wp\/v2\/posts\/134475\/revisions"}],"wp:featuredmedia":[{"embeddable":true,"href":"https:\/\/iparaiba.com.br\/index.php\/wp-json\/wp\/v2\/media\/111016"}],"wp:attachment":[{"href":"https:\/\/iparaiba.com.br\/index.php\/wp-json\/wp\/v2\/media?parent=134475"}],"wp:term":[{"taxonomy":"category","embeddable":true,"href":"https:\/\/iparaiba.com.br\/index.php\/wp-json\/wp\/v2\/categories?post=134475"},{"taxonomy":"post_tag","embeddable":true,"href":"https:\/\/iparaiba.com.br\/index.php\/wp-json\/wp\/v2\/tags?post=134475"}],"curies":[{"name":"wp","href":"https:\/\/api.w.org\/{rel}","templated":true}]}}