{"id":134472,"date":"2025-02-18T14:32:12","date_gmt":"2025-02-18T17:32:12","guid":{"rendered":"https:\/\/onordeste.com.br\/?p=134427"},"modified":"2025-02-18T14:32:12","modified_gmt":"2025-02-18T17:32:12","slug":"vereador-questiona-retirada-de-adicional-de-insalubridade-de-servidores-da-saude","status":"publish","type":"post","link":"https:\/\/iparaiba.com.br\/index.php\/2025\/02\/18\/vereador-questiona-retirada-de-adicional-de-insalubridade-de-servidores-da-saude\/","title":{"rendered":"Vereador questiona retirada de adicional de insalubridade de servidores da Sa\u00fade"},"content":{"rendered":"<p>O vereador Milanez Neto (MDB) usou seu pronunciamento, na sess\u00e3o ordin\u00e1ria da C\u00e2mara Municipal de Jo\u00e3o Pessoa (CMJP) desta ter\u00e7a-feira (18), para pedir explica\u00e7\u00f5es sobre a retirada do adicional de insalubridade de algumas categorias de profissionais da Sa\u00fade. O parlamentar explicou que o adicional foi cortado do contracheque de psic\u00f3logos, nutricionistas, assistentes sociais e farmac\u00eauticos, segundo ele, sem nenhuma explica\u00e7\u00e3o.<\/p>\n<p>Milanez Neto iniciou afirmando que h\u00e1 problemas em todas as \u00e1reas da Sa\u00fade, mas que esses problemas se agravam com a retirada dessa insalubridade. \u201cA sa\u00fade p\u00fablica n\u00e3o \u00e9 feita por uma s\u00f3 categoria. N\u00e3o adianta eu cobrar do m\u00e9dico, se n\u00e3o tiver o t\u00e9cnico de enfermagem, a enfermeira, o nutricionista, o fisioterapeuta, o assistente social. A sa\u00fade \u00e9 uma orquestra, que n\u00e3o vai tocar jamais de forma positiva se as categorias n\u00e3o tiverem todas trabalhando de uma forma un\u00edssona. O que estamos assistindo \u00e9 um descompasso generalizado\u201d, declarou o parlamentar.<\/p>\n<p>\u201cA gente precisa discutir quinta-feira (20) as raz\u00f5es pelas quais a insalubridade dessas categorias de sa\u00fade foi retirada de seus contracheques. Ela foi t\u00e3o prometida durante o processo eleitoral, que \u00e9 inadmiss\u00edvel que, passada a elei\u00e7\u00e3o, tantas pessoas tenham seus direitos suprimidos\u201d, declarou o parlamentar, referindo-se \u00e0 audi\u00eancia p\u00fablica de presta\u00e7\u00e3o de contas dos servi\u00e7os da Sa\u00fade, prestados no quadrimestre de setembro a dezembro de 2024, que vai acontecer nesta quinta-feira (20), \u00e0s 11h, no Plen\u00e1rio da CMJP.<\/p>\n<p><strong>Paralisa\u00e7<\/strong><strong>\u00e3o de agentes da Semob<\/strong><\/p>\n<p>Milanez Neto ainda se solidarizou com os agentes de tr\u00e2nsito da Superintend\u00eancia Executiva de Mobilidade Urbana de Jo\u00e3o Pessoa (Semob-JP), que anunciaram uma paralisa\u00e7\u00e3o de atividades nos pr\u00f3ximos s\u00e1bado (22) e domingo (23). Segundo o parlamentar, a suspens\u00e3o \u00e9 decorrente do n\u00e3o cumprimento de acordos firmados em abril do ano passado com intuito de concretizar garantias estabelecidas em lei federal.<\/p>\n<p>\u201cFica o meu apelo para que a C\u00e2mara possa intermediar, junto ao prefeito C\u00edcero e \u00e0 Semob, que hoje tem o companheiro vereador Marc\u00edlio como superintendente, a situa\u00e7\u00e3o dos agentes de tr\u00e2nsito para que n\u00e3o paralisem as atividades, tornando o tr\u00e2nsito ainda mais ca\u00f3tico\u201d, declarou o vereador, lembrando que as pol\u00edcias civil e militar tamb\u00e9m indicaram uma poss\u00edvel paralisa\u00e7\u00e3o e que esses movimentos podem comprometer o pr\u00e9-carnaval de Jo\u00e3o Pessoa.<\/p>\n","protected":false},"excerpt":{"rendered":"<p>O vereador Milanez Neto (MDB) usou seu pronunciamento, na sess\u00e3o ordin\u00e1ria da C\u00e2mara Municipal de Jo\u00e3o Pessoa (CMJP) desta ter\u00e7a-feira (18), para pedir explica\u00e7\u00f5es sobre a retirada do adicional de insalubridade de algumas categorias de profissionais da Sa\u00fade. O parlamentar explicou que o adicional foi cortado do contracheque de psic\u00f3logos, nutricionistas, assistentes sociais e farmac\u00eauticos, &hellip;<\/p>\n","protected":false},"author":1,"featured_media":109381,"comment_status":"open","ping_status":"open","sticky":false,"template":"","format":"standard","meta":{"footnotes":""},"categories":[8],"tags":[],"class_list":["post-134472","post","type-post","status-publish","format-standard","has-post-thumbnail","hentry","category-politica"],"_links":{"self":[{"href":"https:\/\/iparaiba.com.br\/index.php\/wp-json\/wp\/v2\/posts\/134472","targetHints":{"allow":["GET"]}}],"collection":[{"href":"https:\/\/iparaiba.com.br\/index.php\/wp-json\/wp\/v2\/posts"}],"about":[{"href":"https:\/\/iparaiba.com.br\/index.php\/wp-json\/wp\/v2\/types\/post"}],"author":[{"embeddable":true,"href":"https:\/\/iparaiba.com.br\/index.php\/wp-json\/wp\/v2\/users\/1"}],"replies":[{"embeddable":true,"href":"https:\/\/iparaiba.com.br\/index.php\/wp-json\/wp\/v2\/comments?post=134472"}],"version-history":[{"count":0,"href":"https:\/\/iparaiba.com.br\/index.php\/wp-json\/wp\/v2\/posts\/134472\/revisions"}],"wp:featuredmedia":[{"embeddable":true,"href":"https:\/\/iparaiba.com.br\/index.php\/wp-json\/wp\/v2\/media\/109381"}],"wp:attachment":[{"href":"https:\/\/iparaiba.com.br\/index.php\/wp-json\/wp\/v2\/media?parent=134472"}],"wp:term":[{"taxonomy":"category","embeddable":true,"href":"https:\/\/iparaiba.com.br\/index.php\/wp-json\/wp\/v2\/categories?post=134472"},{"taxonomy":"post_tag","embeddable":true,"href":"https:\/\/iparaiba.com.br\/index.php\/wp-json\/wp\/v2\/tags?post=134472"}],"curies":[{"name":"wp","href":"https:\/\/api.w.org\/{rel}","templated":true}]}}