{"id":134471,"date":"2025-02-18T14:31:29","date_gmt":"2025-02-18T17:31:29","guid":{"rendered":"https:\/\/onordeste.com.br\/?p=134425"},"modified":"2025-02-18T14:31:29","modified_gmt":"2025-02-18T17:31:29","slug":"vereador-cobra-pagamento-atrasado-de-artistas","status":"publish","type":"post","link":"https:\/\/iparaiba.com.br\/index.php\/2025\/02\/18\/vereador-cobra-pagamento-atrasado-de-artistas\/","title":{"rendered":"Vereador cobra pagamento atrasado de artistas"},"content":{"rendered":"<p>Na sess\u00e3o ordin\u00e1ria da C\u00e2mara Municipal de Jo\u00e3o Pessoa (CMJP) desta ter\u00e7a-feira (18), o vereador Marcos Henriques (PT) cobrou os pagamentos de editais do Fundo Municipal de Cultura (FMC), que, segundo ele, est\u00e3o atrasados desde o ano passado. Da tribuna da Casa, o parlamentar tamb\u00e9m revelou a necessidade de uma reformula\u00e7\u00e3o no FMC para melhor aten\u00e7\u00e3o aos artistas locais.<\/p>\n<p>\u201cVenho chamar aten\u00e7\u00e3o da cidade para um seguimento que est\u00e1 sendo discriminado, pois trabalhou e ainda n\u00e3o recebeu. Estive em reuni\u00e3o com os produtores culturais de nossa cidade para debatermos sobre uma reformula\u00e7\u00e3o do Fundo Municipal de Cultura. Esses produtores est\u00e3o cobrando da Prefeitura de Jo\u00e3o Pessoa o pagamento dos recursos do Fundo Municipal de Cultura, pois, desde novembro de 2024, esperam o repasse dos editais realizados no ano passado\u201d, explicou.<\/p>\n<p>De acordo com o vereador, o processo de sele\u00e7\u00e3o dos projetos foi finalizado em outubro de 2024, mas, at\u00e9 hoje, a Prefeitura n\u00e3o apresentou um cronograma de pagamento claro e transparente. \u201cOs produtores culturais e artistas locais se planejam financeiramente de acordo com esses editais p\u00fablicos. Ent\u00e3o, muitos est\u00e3o com as contas atrasadas, al\u00e9m de estarem impossibilitados de come\u00e7ar os projetos aprovados em outro edital. Milh\u00f5es s\u00e3o investidos em grandes eventos, mas os pagamentos dos editais culturais, que s\u00e3o essenciais para a sobreviv\u00eancia e o fomento da produ\u00e7\u00e3o art\u00edstica local, encontram-se atrasados e sem transpar\u00eancia quanto ao cronograma de pagamento\u201d, arguiu.<\/p>\n<p>Para Marcos Henriques, as Emendas Impositivas servem para ajudar os artistas eventualmente, mas \u00e9 necess\u00e1rio que haja politicas p\u00fablicas para valorizar os que lutam pela cultura na cidade. \u201cVamos realizar uma reformula\u00e7\u00e3o do Fundo Municipal de Cultura para garantir mais aten\u00e7\u00e3o aos nossos artistas locais. Investir em fomento \u00e0 cultura \u00e9 vida. Com a cultura local financiada se garante boa parte do desenvolvimento de nossa cidade\u201d, ressaltou.<\/p>\n","protected":false},"excerpt":{"rendered":"<p>Na sess\u00e3o ordin\u00e1ria da C\u00e2mara Municipal de Jo\u00e3o Pessoa (CMJP) desta ter\u00e7a-feira (18), o vereador Marcos Henriques (PT) cobrou os pagamentos de editais do Fundo Municipal de Cultura (FMC), que, segundo ele, est\u00e3o atrasados desde o ano passado. Da tribuna da Casa, o parlamentar tamb\u00e9m revelou a necessidade de uma reformula\u00e7\u00e3o no FMC para melhor &hellip;<\/p>\n","protected":false},"author":1,"featured_media":99615,"comment_status":"open","ping_status":"open","sticky":false,"template":"","format":"standard","meta":{"footnotes":""},"categories":[8],"tags":[],"class_list":["post-134471","post","type-post","status-publish","format-standard","has-post-thumbnail","hentry","category-politica"],"_links":{"self":[{"href":"https:\/\/iparaiba.com.br\/index.php\/wp-json\/wp\/v2\/posts\/134471","targetHints":{"allow":["GET"]}}],"collection":[{"href":"https:\/\/iparaiba.com.br\/index.php\/wp-json\/wp\/v2\/posts"}],"about":[{"href":"https:\/\/iparaiba.com.br\/index.php\/wp-json\/wp\/v2\/types\/post"}],"author":[{"embeddable":true,"href":"https:\/\/iparaiba.com.br\/index.php\/wp-json\/wp\/v2\/users\/1"}],"replies":[{"embeddable":true,"href":"https:\/\/iparaiba.com.br\/index.php\/wp-json\/wp\/v2\/comments?post=134471"}],"version-history":[{"count":0,"href":"https:\/\/iparaiba.com.br\/index.php\/wp-json\/wp\/v2\/posts\/134471\/revisions"}],"wp:featuredmedia":[{"embeddable":true,"href":"https:\/\/iparaiba.com.br\/index.php\/wp-json\/wp\/v2\/media\/99615"}],"wp:attachment":[{"href":"https:\/\/iparaiba.com.br\/index.php\/wp-json\/wp\/v2\/media?parent=134471"}],"wp:term":[{"taxonomy":"category","embeddable":true,"href":"https:\/\/iparaiba.com.br\/index.php\/wp-json\/wp\/v2\/categories?post=134471"},{"taxonomy":"post_tag","embeddable":true,"href":"https:\/\/iparaiba.com.br\/index.php\/wp-json\/wp\/v2\/tags?post=134471"}],"curies":[{"name":"wp","href":"https:\/\/api.w.org\/{rel}","templated":true}]}}