{"id":134468,"date":"2025-02-20T16:04:22","date_gmt":"2025-02-20T19:04:22","guid":{"rendered":"https:\/\/onordeste.com.br\/?p=134468"},"modified":"2025-02-20T16:04:22","modified_gmt":"2025-02-20T19:04:22","slug":"combate-ao-aedes-aegypti-em-hoteis-e-restaurantes-durante-o-carnaval","status":"publish","type":"post","link":"https:\/\/iparaiba.com.br\/index.php\/2025\/02\/20\/combate-ao-aedes-aegypti-em-hoteis-e-restaurantes-durante-o-carnaval\/","title":{"rendered":"Combate ao Aedes aegypti em hot\u00e9is e restaurantes durante o Carnaval"},"content":{"rendered":"<p>A Prefeitura de Campina Grande, por meio da Secretaria Municipal de Sa\u00fade e da Vigil\u00e2ncia Ambiental, intensificou as a\u00e7\u00f5es de combate ao mosquito Aedes aegypti em hot\u00e9is e restaurantes da cidade. A iniciativa, que teve in\u00edcio na \u00faltima segunda-feira (17) e segue at\u00e9 o dia 28 de fevereiro, faz parte do plano de conting\u00eancia para eventos de grande porte, garantindo a seguran\u00e7a sanit\u00e1ria para moradores e tamb\u00e9m para turistas que visitam o Munic\u00edpio durante o Carnaval.<\/p>\n<p>De acordo com H\u00e9rcules Lafite, diretor de Vigil\u00e2ncia Ambiental, esse trabalho \u00e9 realizado anualmente em per\u00edodos como Carnaval e o S\u00e3o Jo\u00e3o, quando h\u00e1 maior fluxo de visitantes. \u201c\u00c9 uma a\u00e7\u00e3o preventiva e de conscientiza\u00e7\u00e3o, conduzida por nossa equipe de educa\u00e7\u00e3o em sa\u00fade e agentes de vigil\u00e2ncia ambiental, para evitar a prolifera\u00e7\u00e3o do mosquito transmissor da dengue, zika e chikungunya\u201d, explicou.<\/p>\n<p>As inspe\u00e7\u00f5es envolvem a verifica\u00e7\u00e3o de poss\u00edveis focos do Aedes aegypti em estabelecimentos de grande circula\u00e7\u00e3o, al\u00e9m da orienta\u00e7\u00e3o de funcion\u00e1rios e respons\u00e1veis sobre as medidas de preven\u00e7\u00e3o.<\/p>\n<p>A Vigil\u00e2ncia Ambiental refor\u00e7a a import\u00e2ncia do apoio da popula\u00e7\u00e3o para evitar a dissemina\u00e7\u00e3o do mosquito. O que pode ser feito mantendo medidas b\u00e1sicas, como eliminar recipientes onde existe \u00e1gua parada e adotar os cuidados essenciais no dia a dia.<\/p>\n<p>A iniciativa busca garantir um ambiente seguro para moradores e tamb\u00e9m turistas, preservando a sa\u00fade p\u00fablica e refor\u00e7ando o compromisso de Campina Grande na preven\u00e7\u00e3o de doen\u00e7as transmitidas pelo vetor.<\/p>\n<p><strong>LIRAa<\/strong><\/p>\n<p>Em janeiro, a Secretaria de Sa\u00fade de Campina Grande divulgou o primeiro Levantamento R\u00e1pido do \u00cdndice de Infesta\u00e7\u00e3o por Aedes aegypti (LIRAa) de 2025, realizado entre 27 e 31 de janeiro, em 8.970 resid\u00eancias.<\/p>\n<p>O resultado apontou focos do mosquito em 3,4% dos im\u00f3veis vistoriados, indicando m\u00e9dio risco para a transmiss\u00e3o de Dengue, Zika e Chikungunya. O \u00edndice apresentou uma redu\u00e7\u00e3o em compara\u00e7\u00e3o ao mesmo per\u00edodo de 2024, quando a infesta\u00e7\u00e3o foi de 4,4%.<\/p>\n<p>Codecom<\/p>\n","protected":false},"excerpt":{"rendered":"<p>A Prefeitura de Campina Grande, por meio da Secretaria Municipal de Sa\u00fade e da Vigil\u00e2ncia Ambiental, intensificou as a\u00e7\u00f5es de combate ao mosquito Aedes aegypti em hot\u00e9is e restaurantes da cidade. A iniciativa, que teve in\u00edcio na \u00faltima segunda-feira (17) e segue at\u00e9 o dia 28 de fevereiro, faz parte do plano de conting\u00eancia para &hellip;<\/p>\n","protected":false},"author":1,"featured_media":98003,"comment_status":"open","ping_status":"open","sticky":false,"template":"","format":"standard","meta":{"footnotes":""},"categories":[6],"tags":[],"class_list":["post-134468","post","type-post","status-publish","format-standard","has-post-thumbnail","hentry","category-destaques"],"_links":{"self":[{"href":"https:\/\/iparaiba.com.br\/index.php\/wp-json\/wp\/v2\/posts\/134468","targetHints":{"allow":["GET"]}}],"collection":[{"href":"https:\/\/iparaiba.com.br\/index.php\/wp-json\/wp\/v2\/posts"}],"about":[{"href":"https:\/\/iparaiba.com.br\/index.php\/wp-json\/wp\/v2\/types\/post"}],"author":[{"embeddable":true,"href":"https:\/\/iparaiba.com.br\/index.php\/wp-json\/wp\/v2\/users\/1"}],"replies":[{"embeddable":true,"href":"https:\/\/iparaiba.com.br\/index.php\/wp-json\/wp\/v2\/comments?post=134468"}],"version-history":[{"count":1,"href":"https:\/\/iparaiba.com.br\/index.php\/wp-json\/wp\/v2\/posts\/134468\/revisions"}],"predecessor-version":[{"id":134491,"href":"https:\/\/iparaiba.com.br\/index.php\/wp-json\/wp\/v2\/posts\/134468\/revisions\/134491"}],"wp:featuredmedia":[{"embeddable":true,"href":"https:\/\/iparaiba.com.br\/index.php\/wp-json\/wp\/v2\/media\/98003"}],"wp:attachment":[{"href":"https:\/\/iparaiba.com.br\/index.php\/wp-json\/wp\/v2\/media?parent=134468"}],"wp:term":[{"taxonomy":"category","embeddable":true,"href":"https:\/\/iparaiba.com.br\/index.php\/wp-json\/wp\/v2\/categories?post=134468"},{"taxonomy":"post_tag","embeddable":true,"href":"https:\/\/iparaiba.com.br\/index.php\/wp-json\/wp\/v2\/tags?post=134468"}],"curies":[{"name":"wp","href":"https:\/\/api.w.org\/{rel}","templated":true}]}}