{"id":134466,"date":"2025-02-20T14:02:42","date_gmt":"2025-02-20T17:02:42","guid":{"rendered":"https:\/\/onordeste.com.br\/?p=134466"},"modified":"2025-02-20T14:02:42","modified_gmt":"2025-02-20T17:02:42","slug":"ipea-inflacao-desacelera-para-todas-as-faixas-de-renda","status":"publish","type":"post","link":"https:\/\/iparaiba.com.br\/index.php\/2025\/02\/20\/ipea-inflacao-desacelera-para-todas-as-faixas-de-renda\/","title":{"rendered":"Ipea: Infla\u00e7\u00e3o desacelera para todas as faixas de renda"},"content":{"rendered":"<div class=\"texto-conteudo\">\n<p>Com a incorpora\u00e7\u00e3o dos dados de janeiro, a varia\u00e7\u00e3o acumulada em doze meses revelou que os domic\u00edlios de renda muito baixa registraram a menor alta inflacion\u00e1ria (4%), enquanto as fam\u00edlias de renda alta tiveram a taxa mais elevada (5%). As informa\u00e7\u00f5es comp\u00f5em o Indicador Ipea de Infla\u00e7\u00e3o por Faixa de Renda, divulgado nesta ter\u00e7a-feira (18\/2) pelo Instituto de Pesquisa Econ\u00f4mica Aplicada e est\u00e3o organizadas na tabela a seguir:<\/p>\n<p><img decoding=\"async\" class=\"image-richtext image-responsive\" title=\"ipea graf.jpg\" src=\"https:\/\/agenciagov.ebc.com.br\/noticias\/202502\/ipea-graf.jpg\/@@images\/1a48ed97-074f-4895-a129-e73da69140a5.jpeg\" alt=\"Ipea - tabela IPCA\" data-linktype=\"image\" data-scale=\"large\" data-val=\"58cd039bd6af4bcea806177d5a1538f8\" \/><\/p>\n<p>Assim como ocorrido em dezembro, as principais contribui\u00e7\u00f5es positivas para a infla\u00e7\u00e3o vieram dos grupos \u201calimentos e bebidas\u201d e \u201ctransportes\u201d. Enquanto o impacto da alta dos alimentos foi mais forte nas faixas de renda mais baixas, dado o maior percentual de gasto com produtos dessa natureza no or\u00e7amento dessas fam\u00edlias, os reajustes do grupo transportes pressionaram mais intensamente a infla\u00e7\u00e3o do segmento de renda alta.<\/p>\n<p>No caso dos alimentos, os itens que mais contribu\u00edram positivamente para a infla\u00e7\u00e3o foram os tub\u00e9rculos (8,2%), carnes (0,36%) e aves e ovos (1,7%), al\u00e9m do forte reajuste do caf\u00e9 (8,6%). Em rela\u00e7\u00e3o aos transportes, destaca-se os aumentos dos combust\u00edveis (0,75%), al\u00e9m dos reajustes das passagens a\u00e9reas (10,4%) e do \u00f4nibus urbano (3,8%).<\/p>\n<p>Em contrapartida, a defla\u00e7\u00e3o apontada pelo grupo habita\u00e7\u00e3o, refletindo a queda das tarifas de energia el\u00e9trica (-14,2%), gerou um al\u00edvio inflacion\u00e1rio,\u00a0 para todas as classes, explicando, desta forma, a melhora do resultado da infla\u00e7\u00e3o em janeiro.<\/p>\n<p class=\"callout\"><strong>Leia tamb\u00e9m<\/strong><br \/>\n\u2022\u00a0<a href=\"https:\/\/agenciagov.ebc.com.br\/noticias\/202502\/com-aumento-de-4-7-nas-vendas-setor-de-comercio-tem-o-melhor-resultado-em-12-anos\" target=\"_blank\" rel=\"noopener\" data-linktype=\"internal\" data-val=\"d3750c934b714df0b2e5b9229c3dd8d4\">Com aumento de 4,7% nas vendas, setor de com\u00e9rcio tem o melhor resultado em 12 anos<\/a><br \/>\n\u2022\u00a0<a href=\"https:\/\/agenciagov.ebc.com.br\/ipca-desacelera-para-0-16-menor-taxa-para-janeiro-desde-1994\">Infla\u00e7\u00e3o desacelera e atinge menor taxa para janeiro desde 1994<\/a><\/p>\n<p>A compara\u00e7\u00e3o com janeiro de 2024 mostra que, \u00e0 exce\u00e7\u00e3o da infla\u00e7\u00e3o das faixas de renda alta, que apontou uma taxa significantemente maior, todas as demais classes de renda registraram uma descompress\u00e3o inflacion\u00e1ria em janeiro de 2025. A desacelera\u00e7\u00e3o da infla\u00e7\u00e3o para as cinco primeiras faixas de renda \u00e9 resultante, sobretudo, da melhora no desempenho do grupo habita\u00e7\u00e3o.<\/p>\n<p>As tarifas de energia el\u00e9trica, por exemplo, apresentaram defla\u00e7\u00e3o de -14,2% em 2025, contrastando com a queda de -0,64% registrada em janeiro do ano passado. J\u00e1 para a faixa de renda alta, o aumento da infla\u00e7\u00e3o corrente decorre da acelera\u00e7\u00e3o dos pre\u00e7os das passagens a\u00e9reas e dos combust\u00edveis, com altas de 10,4% e 0,75%, respectivamente, em janeiro deste ano, ante quedas de 15,2% e 0,39%, em janeiro do ano anterior.<\/p>\n<p class=\"callout\"><a href=\"https:\/\/www.ipea.gov.br\/cartadeconjuntura\/index.php\/2025\/02\/inflacao-por-faixa-de-renda-janeiro2025\/\" target=\"_blank\" rel=\"noopener\"><strong>Acesse a \u00edntegra do indicador\u00a0<\/strong>\u00a0<\/a><\/p>\n<\/div>\n<p><a class=\"materia-original\" href=\"https:\/\/www.ipea.gov.br\/portal\/categorias\/45-todas-as-noticias\/noticias\/15609-mesmo-com-alta-de-precos-dos-alimentos-inflacao-desacelera-para-todas-as-faixas-de-renda-em-janeiro\" target=\"_blank\" rel=\"noopener\">Link: https:\/\/www.ipea.gov.br\/portal\/categorias\/45-todas-as-noticias\/noticias\/15609-mesmo-com-alta-de-precos-dos-alimentos-inflacao-desacelera-para-todas-as-faixas-de-renda-em-janeiro<\/a><\/p>\n","protected":false},"excerpt":{"rendered":"<p>Com a incorpora\u00e7\u00e3o dos dados de janeiro, a varia\u00e7\u00e3o acumulada em doze meses revelou que os domic\u00edlios de renda muito baixa registraram a menor alta inflacion\u00e1ria (4%), enquanto as fam\u00edlias de renda alta tiveram a taxa mais elevada (5%). As informa\u00e7\u00f5es comp\u00f5em o Indicador Ipea de Infla\u00e7\u00e3o por Faixa de Renda, divulgado nesta ter\u00e7a-feira (18\/2) &hellip;<\/p>\n","protected":false},"author":1,"featured_media":108138,"comment_status":"open","ping_status":"open","sticky":false,"template":"","format":"standard","meta":{"footnotes":""},"categories":[10],"tags":[],"class_list":["post-134466","post","type-post","status-publish","format-standard","has-post-thumbnail","hentry","category-manchetes"],"_links":{"self":[{"href":"https:\/\/iparaiba.com.br\/index.php\/wp-json\/wp\/v2\/posts\/134466","targetHints":{"allow":["GET"]}}],"collection":[{"href":"https:\/\/iparaiba.com.br\/index.php\/wp-json\/wp\/v2\/posts"}],"about":[{"href":"https:\/\/iparaiba.com.br\/index.php\/wp-json\/wp\/v2\/types\/post"}],"author":[{"embeddable":true,"href":"https:\/\/iparaiba.com.br\/index.php\/wp-json\/wp\/v2\/users\/1"}],"replies":[{"embeddable":true,"href":"https:\/\/iparaiba.com.br\/index.php\/wp-json\/wp\/v2\/comments?post=134466"}],"version-history":[{"count":1,"href":"https:\/\/iparaiba.com.br\/index.php\/wp-json\/wp\/v2\/posts\/134466\/revisions"}],"predecessor-version":[{"id":134490,"href":"https:\/\/iparaiba.com.br\/index.php\/wp-json\/wp\/v2\/posts\/134466\/revisions\/134490"}],"wp:featuredmedia":[{"embeddable":true,"href":"https:\/\/iparaiba.com.br\/index.php\/wp-json\/wp\/v2\/media\/108138"}],"wp:attachment":[{"href":"https:\/\/iparaiba.com.br\/index.php\/wp-json\/wp\/v2\/media?parent=134466"}],"wp:term":[{"taxonomy":"category","embeddable":true,"href":"https:\/\/iparaiba.com.br\/index.php\/wp-json\/wp\/v2\/categories?post=134466"},{"taxonomy":"post_tag","embeddable":true,"href":"https:\/\/iparaiba.com.br\/index.php\/wp-json\/wp\/v2\/tags?post=134466"}],"curies":[{"name":"wp","href":"https:\/\/api.w.org\/{rel}","templated":true}]}}