{"id":134464,"date":"2025-02-20T12:00:54","date_gmt":"2025-02-20T15:00:54","guid":{"rendered":"https:\/\/onordeste.com.br\/?p=134464"},"modified":"2025-02-20T12:00:54","modified_gmt":"2025-02-20T15:00:54","slug":"salario-educacao-destina-r-355-bi-para-educacao-basica","status":"publish","type":"post","link":"https:\/\/iparaiba.com.br\/index.php\/2025\/02\/20\/salario-educacao-destina-r-355-bi-para-educacao-basica\/","title":{"rendered":"Sal\u00e1rio-educa\u00e7\u00e3o destina R$ 35,5 bi para Educa\u00e7\u00e3o B\u00e1sica"},"content":{"rendered":"<p style=\"font-weight: 600;\">Em 2025, o sal\u00e1rio- educa\u00e7\u00e3o destinar\u00e1 R$ 35,5 bilh\u00f5es para a educa\u00e7\u00e3o b\u00e1sica p\u00fablica. O valor, que ser\u00e1 repassado a estados e munic\u00edpios, poder\u00e1 ser utilizado em diversas a\u00e7\u00f5es de educa\u00e7\u00e3o, como manuten\u00e7\u00e3o das escolas, transporte escolar e equipamentos.<\/p>\n<p style=\"font-weight: 600;\">A \u00fanica exig\u00eancia \u00e9 que sejam despesas de manuten\u00e7\u00e3o e desenvolvimento do ensino, com restri\u00e7\u00e3o do uso para pagamento de pessoal. Os crit\u00e9rios de distribui\u00e7\u00e3o dos recursos da Quota Estadual e Municipal do Sal\u00e1rio-Educa\u00e7\u00e3o, bem como a estimativa de repasses aos estados, ao Distrito Federal e aos munic\u00edpios para o exerc\u00edcio de 2025 foram publicados pelo Fundo Nacional de Desenvolvimento da Educa\u00e7\u00e3o (FNDE) \u2014 autarquia vinculada ao Minist\u00e9rio da Educa\u00e7\u00e3o (MEC) \u2014 na segunda-feira (17), por meio da Portaria n \u00ba 167\/2025.<\/p>\n<p style=\"font-weight: 600;\">O repasse \u00e9 fruto da arrecada\u00e7\u00e3o de empresas vinculadas \u00e0 Previd\u00eancia Social, que contribuem com o percentual de 2,5% sobre a folha de pagamento de seus empregados. O valor total arrecadado \u00e9 destinado \u00e0 educa\u00e7\u00e3o b\u00e1sica p\u00fablica a t\u00edtulo de fonte adicional de financiamento.<\/p>\n<p style=\"font-weight: 600;\">Do valor da arrecada\u00e7\u00e3o l\u00edquida do sal\u00e1rio-educa\u00e7\u00e3o, 60% s\u00e3o destinados diretamente aos estados, ao Distrito Federal e aos munic\u00edpios sob a forma de Quota Estadual e Municipal. Os restantes 40% s\u00e3o destinados ao FNDE, que tamb\u00e9m reparte esses recursos entre os entes federativos por interm\u00e9dio das a\u00e7\u00f5es educacionais alocadas em seu or\u00e7amento.<\/p>\n<p style=\"font-weight: 600;\">Os valores foram calculados com base no n\u00famero de matr\u00edculas na educa\u00e7\u00e3o b\u00e1sica p\u00fablica, utilizando dados do Censo Escolar de 2024. A estimativa poder\u00e1 ser ajustada ao longo do ano, conforme a arrecada\u00e7\u00e3o da contribui\u00e7\u00e3o social efetivada do sal\u00e1rio-educa\u00e7\u00e3o. Em 2025, os estados, o Distrito Federal e os munic\u00edpios contar\u00e3o com R$ 21,3 bilh\u00f5es de Quota Estadual e Municipal. Esse valor \u00e9 superior ao valor da quota de 2024 em R$ 1,5 bilh\u00e3o, um aumento de 7,57% em rela\u00e7\u00e3o ao ano anterior.<\/p>\n","protected":false},"excerpt":{"rendered":"<p>Em 2025, o sal\u00e1rio- educa\u00e7\u00e3o destinar\u00e1 R$ 35,5 bilh\u00f5es para a educa\u00e7\u00e3o b\u00e1sica p\u00fablica. O valor, que ser\u00e1 repassado a estados e munic\u00edpios, poder\u00e1 ser utilizado em diversas a\u00e7\u00f5es de educa\u00e7\u00e3o, como manuten\u00e7\u00e3o das escolas, transporte escolar e equipamentos. A \u00fanica exig\u00eancia \u00e9 que sejam despesas de manuten\u00e7\u00e3o e desenvolvimento do ensino, com restri\u00e7\u00e3o do &hellip;<\/p>\n","protected":false},"author":1,"featured_media":98423,"comment_status":"open","ping_status":"open","sticky":false,"template":"","format":"standard","meta":{"footnotes":""},"categories":[11],"tags":[],"class_list":["post-134464","post","type-post","status-publish","format-standard","has-post-thumbnail","hentry","category-educacao"],"_links":{"self":[{"href":"https:\/\/iparaiba.com.br\/index.php\/wp-json\/wp\/v2\/posts\/134464","targetHints":{"allow":["GET"]}}],"collection":[{"href":"https:\/\/iparaiba.com.br\/index.php\/wp-json\/wp\/v2\/posts"}],"about":[{"href":"https:\/\/iparaiba.com.br\/index.php\/wp-json\/wp\/v2\/types\/post"}],"author":[{"embeddable":true,"href":"https:\/\/iparaiba.com.br\/index.php\/wp-json\/wp\/v2\/users\/1"}],"replies":[{"embeddable":true,"href":"https:\/\/iparaiba.com.br\/index.php\/wp-json\/wp\/v2\/comments?post=134464"}],"version-history":[{"count":1,"href":"https:\/\/iparaiba.com.br\/index.php\/wp-json\/wp\/v2\/posts\/134464\/revisions"}],"predecessor-version":[{"id":134489,"href":"https:\/\/iparaiba.com.br\/index.php\/wp-json\/wp\/v2\/posts\/134464\/revisions\/134489"}],"wp:featuredmedia":[{"embeddable":true,"href":"https:\/\/iparaiba.com.br\/index.php\/wp-json\/wp\/v2\/media\/98423"}],"wp:attachment":[{"href":"https:\/\/iparaiba.com.br\/index.php\/wp-json\/wp\/v2\/media?parent=134464"}],"wp:term":[{"taxonomy":"category","embeddable":true,"href":"https:\/\/iparaiba.com.br\/index.php\/wp-json\/wp\/v2\/categories?post=134464"},{"taxonomy":"post_tag","embeddable":true,"href":"https:\/\/iparaiba.com.br\/index.php\/wp-json\/wp\/v2\/tags?post=134464"}],"curies":[{"name":"wp","href":"https:\/\/api.w.org\/{rel}","templated":true}]}}