{"id":134461,"date":"2025-02-20T08:00:54","date_gmt":"2025-02-20T11:00:54","guid":{"rendered":"https:\/\/onordeste.com.br\/?p=134461"},"modified":"2025-02-20T08:00:54","modified_gmt":"2025-02-20T11:00:54","slug":"ufpb-sedia-em-marco-o-x-encontro-nacional-da-agroindustria-enag","status":"publish","type":"post","link":"https:\/\/iparaiba.com.br\/index.php\/2025\/02\/20\/ufpb-sedia-em-marco-o-x-encontro-nacional-da-agroindustria-enag\/","title":{"rendered":"UFPB sedia, em mar\u00e7o, o X Encontro Nacional da Agroind\u00fastria (ENAG)"},"content":{"rendered":"<p dir=\"ltr\">A Universidade Federal da Para\u00edba (UFPB) sediar\u00e1, de 19 a 21 de mar\u00e7o, o X Encontro Nacional da Agroind\u00fastria (ENAG), no Campus III, em Bananeiras. O evento, que ter\u00e1 como tema \u201cAproveitamento de Res\u00edduos: Agroind\u00fastria e a Sustentabilidade no S\u00e9culo XXI\u201d, \u00e9 organizado pelo Centro Acad\u00eamico de Bacharelado em Agroind\u00fastria (CABA) e pelo Centro de Ci\u00eancias Humanas, Sociais e Agr\u00e1rias (CCHSA), por meio do Departamento de Gest\u00e3o e Tecnologia Agroalimentar (DGTA).<\/p>\n<p dir=\"ltr\">O objetivo do ENAG \u00e9 fomentar discuss\u00f5es cient\u00edficas sobre o controle de qualidade na ind\u00fastria de alimentos, gest\u00e3o ambiental de res\u00edduos agroindustriais, tecnologia aplicada \u00e0 produ\u00e7\u00e3o animal, vegetal e de bebidas, biotecnologia e desenvolvimento de novos produtos, al\u00e9m de temas relacionados \u00e0 seguran\u00e7a alimentar e vigil\u00e2ncia em sa\u00fade.<\/p>\n<p dir=\"ltr\">A programa\u00e7\u00e3o contar\u00e1 com palestras, oficinas, mesas-redondas, minicursos, al\u00e9m da apresenta\u00e7\u00e3o de artigos cient\u00edficos e premia\u00e7\u00e3o dos melhores trabalhos.<\/p>\n","protected":false},"excerpt":{"rendered":"<p>A Universidade Federal da Para\u00edba (UFPB) sediar\u00e1, de 19 a 21 de mar\u00e7o, o X Encontro Nacional da Agroind\u00fastria (ENAG), no Campus III, em Bananeiras. O evento, que ter\u00e1 como tema \u201cAproveitamento de Res\u00edduos: Agroind\u00fastria e a Sustentabilidade no S\u00e9culo XXI\u201d, \u00e9 organizado pelo Centro Acad\u00eamico de Bacharelado em Agroind\u00fastria (CABA) e pelo Centro de &hellip;<\/p>\n","protected":false},"author":1,"featured_media":107052,"comment_status":"open","ping_status":"open","sticky":false,"template":"","format":"standard","meta":{"footnotes":""},"categories":[11],"tags":[],"class_list":["post-134461","post","type-post","status-publish","format-standard","has-post-thumbnail","hentry","category-educacao"],"_links":{"self":[{"href":"https:\/\/iparaiba.com.br\/index.php\/wp-json\/wp\/v2\/posts\/134461","targetHints":{"allow":["GET"]}}],"collection":[{"href":"https:\/\/iparaiba.com.br\/index.php\/wp-json\/wp\/v2\/posts"}],"about":[{"href":"https:\/\/iparaiba.com.br\/index.php\/wp-json\/wp\/v2\/types\/post"}],"author":[{"embeddable":true,"href":"https:\/\/iparaiba.com.br\/index.php\/wp-json\/wp\/v2\/users\/1"}],"replies":[{"embeddable":true,"href":"https:\/\/iparaiba.com.br\/index.php\/wp-json\/wp\/v2\/comments?post=134461"}],"version-history":[{"count":1,"href":"https:\/\/iparaiba.com.br\/index.php\/wp-json\/wp\/v2\/posts\/134461\/revisions"}],"predecessor-version":[{"id":134487,"href":"https:\/\/iparaiba.com.br\/index.php\/wp-json\/wp\/v2\/posts\/134461\/revisions\/134487"}],"wp:featuredmedia":[{"embeddable":true,"href":"https:\/\/iparaiba.com.br\/index.php\/wp-json\/wp\/v2\/media\/107052"}],"wp:attachment":[{"href":"https:\/\/iparaiba.com.br\/index.php\/wp-json\/wp\/v2\/media?parent=134461"}],"wp:term":[{"taxonomy":"category","embeddable":true,"href":"https:\/\/iparaiba.com.br\/index.php\/wp-json\/wp\/v2\/categories?post=134461"},{"taxonomy":"post_tag","embeddable":true,"href":"https:\/\/iparaiba.com.br\/index.php\/wp-json\/wp\/v2\/tags?post=134461"}],"curies":[{"name":"wp","href":"https:\/\/api.w.org\/{rel}","templated":true}]}}