{"id":134459,"date":"2025-02-20T08:00:02","date_gmt":"2025-02-20T11:00:02","guid":{"rendered":"https:\/\/onordeste.com.br\/?p=134457"},"modified":"2025-02-20T08:00:02","modified_gmt":"2025-02-20T11:00:02","slug":"defesa-da-saude-e-preservacao-do-centro-historico-sao-pautas-de-milanez-neto","status":"publish","type":"post","link":"https:\/\/iparaiba.com.br\/index.php\/2025\/02\/20\/defesa-da-saude-e-preservacao-do-centro-historico-sao-pautas-de-milanez-neto\/","title":{"rendered":"Defesa da Sa\u00fade e preserva\u00e7\u00e3o do Centro Hist\u00f3rico s\u00e3o pautas de Milanez Neto"},"content":{"rendered":"<p align=\"justify\"><span lang=\"pt-BR\">Eleito para seu terceiro mandato na C\u00e2mara Municipal de Jo\u00e3o Pessoa (CMJP) com 3.653 votos, o vereador Milanez Neto (MDB) tem entre suas principais bandeiras a defesa da Sa\u00fade e a preserva\u00e7\u00e3o do Centro Hist\u00f3rico da Capital.<\/span><\/p>\n<p align=\"justify\">\u201c<span lang=\"pt-BR\">O sentimento da terceira posse na condi\u00e7\u00e3o de vereador \u00e9 de ainda mais responsabilidade. Eu devo muito a Jo\u00e3o Pessoa. Os pessoenses me deram 12 anos como vereador, e eu tenho certeza de que farei o melhor mandato da minha vida. Vou estar vigilante, cobrando muito, dialogando e tentando construir a cidade que a gente escuta l\u00e1 fora. Meu compromisso \u00e9 com o cidad\u00e3o, com a sociedade, com as pessoas que nos colocaram aqui dentro para que a gente realmente cuide da cidade e da vida delas\u201d, declarou o parlamentar durante a solenidade de posse da 19\u00aa Legislatura.<\/span><\/p>\n<p align=\"justify\"><span lang=\"pt-BR\">Nascido na capital paraibana, Milanez Neto entrou na vida p\u00fablica jovem e j\u00e1 exerceu a fun\u00e7\u00e3o de assessor especial da lideran\u00e7a do PMDB, no Senado Federal; assessor especial do Governo da Para\u00edba; chefe de gabinete do vice-prefeito de Jo\u00e3o Pessoa, Luciano Agra; e coordenador do patrim\u00f4nio cultural de Jo\u00e3o Pessoa, no governo de Luciano Cartaxo.<\/span><\/p>\n<p align=\"justify\">Na CMJP, o parlamentar foi presidente da comiss\u00e3o mais importante da Casa, a de Constitui\u00e7\u00e3o, Justi\u00e7a, Reda\u00e7\u00e3o e Legisla\u00e7\u00e3o Participativa (CCJ), e membro da Comiss\u00e3o de Pol\u00edticas P\u00fablicas (CPP).<\/p>\n<p align=\"justify\"><b>Produ\u00e7\u00e3o Legislativa<\/b><\/p>\n<p align=\"justify\"><span lang=\"pt-BR\">Dentre as normas de sua autoria em vigor na Capital na \u00e1rea da Sa\u00fade, destacam-se: a Lei\u00a0<\/span><span lang=\"zxx\"><u><a href=\"https:\/\/sapl.joaopessoa.pb.leg.br\/media\/sapl\/public\/normajuridica\/2019\/17973\/17973_texto_integral.pdf\" target=\"_blank\" rel=\"noopener\" data-saferedirecturl=\"https:\/\/www.google.com\/url?q=https:\/\/sapl.joaopessoa.pb.leg.br\/media\/sapl\/public\/normajuridica\/2019\/17973\/17973_texto_integral.pdf&amp;source=gmail&amp;ust=1739987619661000&amp;usg=AOvVaw0w0q92brwhEQt1LBL4BuWi\"><span lang=\"pt-BR\">13.772\/2019<\/span><\/a><\/u><\/span><span lang=\"pt-BR\">, que disp\u00f5e sobre a proibi\u00e7\u00e3o de hospitais particulares vetarem a entrada de ambos os pais no acompanhamento de consultas e interna\u00e7\u00f5es de filhos menores; a Lei\u00a0<\/span><span lang=\"zxx\"><u><a href=\"https:\/\/sapl.joaopessoa.pb.leg.br\/media\/sapl\/public\/normajuridica\/2021\/18577\/lei_14.205-2021.pdf\" target=\"_blank\" rel=\"noopener\" data-saferedirecturl=\"https:\/\/www.google.com\/url?q=https:\/\/sapl.joaopessoa.pb.leg.br\/media\/sapl\/public\/normajuridica\/2021\/18577\/lei_14.205-2021.pdf&amp;source=gmail&amp;ust=1739987619661000&amp;usg=AOvVaw3PpmsyR5j39AzLmdZEN8Ic\"><span lang=\"pt-BR\">14.205\/2021<\/span><\/a><\/u><\/span><span lang=\"pt-BR\">, que disp\u00f5e sobre a obrigatoriedade de realiza\u00e7\u00e3o do teste de triagem auditiva neonatal (teste da orelhinha) em beb\u00eas rec\u00e9m-nascidos nos hospitais p\u00fablicos e privados; a Lei\u00a0<\/span><span lang=\"zxx\"><u><a href=\"https:\/\/sapl.joaopessoa.pb.leg.br\/media\/sapl\/public\/normajuridica\/2021\/18740\/lei_promulgada_n_1966-2021.pdf\" target=\"_blank\" rel=\"noopener\" data-saferedirecturl=\"https:\/\/www.google.com\/url?q=https:\/\/sapl.joaopessoa.pb.leg.br\/media\/sapl\/public\/normajuridica\/2021\/18740\/lei_promulgada_n_1966-2021.pdf&amp;source=gmail&amp;ust=1739987619661000&amp;usg=AOvVaw3iqTqNqTh9SbimvwF6XC3U\"><span lang=\"pt-BR\">1.966\/2021<\/span><\/a><\/u><\/span><span lang=\"pt-BR\">, que disp\u00f5e sobre a obrigatoriedade de realiza\u00e7\u00e3o do teste do reflexo vermelho (teste do olhinho) em beb\u00eas rec\u00e9m-nascidos nos hospitais privados; a Lei\u00a0<\/span><span lang=\"zxx\"><u><a><span lang=\"pt-BR\">13.725\/2019<\/span><\/a><\/u><\/span><span lang=\"pt-BR\">, que disp\u00f5e sobre a obrigatoriedade de disponibiliza\u00e7\u00e3o de protetores de pesco\u00e7o para pacientes submetidos a exames de Raio-X odontol\u00f3gicos, mamografias ou tomografias; e a Lei\u00a0<\/span><span lang=\"zxx\"><u><a href=\"https:\/\/sapl.joaopessoa.pb.leg.br\/media\/sapl\/public\/normajuridica\/2019\/18035\/lei_no_13.770_-2019.pdf\" target=\"_blank\" rel=\"noopener\" data-saferedirecturl=\"https:\/\/www.google.com\/url?q=https:\/\/sapl.joaopessoa.pb.leg.br\/media\/sapl\/public\/normajuridica\/2019\/18035\/lei_no_13.770_-2019.pdf&amp;source=gmail&amp;ust=1739987619661000&amp;usg=AOvVaw3LA_F9lvw8D1awGOWNo14C\"><span lang=\"pt-BR\">13.770\/2019<\/span><\/a><\/u><\/span><span lang=\"pt-BR\">, que disp\u00f5e sobre o tempo de espera para atendimento de consultas em hospitais e cl\u00ednicas particulares.<\/span><\/p>\n<p align=\"justify\"><span lang=\"pt-BR\">Tamb\u00e9m s\u00e3o de autoria do vereador: a Lei\u00a0<\/span><span lang=\"zxx\"><u><a href=\"https:\/\/sapl.joaopessoa.pb.leg.br\/media\/sapl\/public\/normajuridica\/2023\/19531\/lei_no_14878-2023.pdf\" target=\"_blank\" rel=\"noopener\" data-saferedirecturl=\"https:\/\/www.google.com\/url?q=https:\/\/sapl.joaopessoa.pb.leg.br\/media\/sapl\/public\/normajuridica\/2023\/19531\/lei_no_14878-2023.pdf&amp;source=gmail&amp;ust=1739987619661000&amp;usg=AOvVaw0AUxiSylTKfzsXR-o9E6Ca\"><span lang=\"pt-BR\">14.878\/2023<\/span><\/a><\/u><\/span><span lang=\"pt-BR\">, que disp\u00f5e sobre a proibi\u00e7\u00e3o da utiliza\u00e7\u00e3o e circula\u00e7\u00e3o de ciclomotores el\u00e9tricos nas ciclovias e cal\u00e7adas da cidade; a Lei\u00a0<\/span><span lang=\"zxx\"><u><a href=\"https:\/\/sapl.joaopessoa.pb.leg.br\/media\/sapl\/public\/normajuridica\/2017\/17575\/17575_texto_integral.pdf\" target=\"_blank\" rel=\"noopener\" data-saferedirecturl=\"https:\/\/www.google.com\/url?q=https:\/\/sapl.joaopessoa.pb.leg.br\/media\/sapl\/public\/normajuridica\/2017\/17575\/17575_texto_integral.pdf&amp;source=gmail&amp;ust=1739987619661000&amp;usg=AOvVaw1AD1ReDp5FEDYA0bxOKy5G\"><span lang=\"pt-BR\">1.887\/2017<\/span><\/a><\/u><\/span><span lang=\"pt-BR\">, que disp\u00f5e sobre a arrecada\u00e7\u00e3o e a encampa\u00e7\u00e3o de im\u00f3veis urbanos abandonados no Centro Hist\u00f3rico; a Lei\u00a0<\/span><span lang=\"zxx\"><u><a href=\"https:\/\/sapl.joaopessoa.pb.leg.br\/media\/sapl\/public\/normajuridica\/2024\/19788\/15.074_-_22.02.24_-_campanha_combate_ao_turismo_sexual_de_criancas_e_adolescentes.pdf\" target=\"_blank\" rel=\"noopener\" data-saferedirecturl=\"https:\/\/www.google.com\/url?q=https:\/\/sapl.joaopessoa.pb.leg.br\/media\/sapl\/public\/normajuridica\/2024\/19788\/15.074_-_22.02.24_-_campanha_combate_ao_turismo_sexual_de_criancas_e_adolescentes.pdf&amp;source=gmail&amp;ust=1739987619661000&amp;usg=AOvVaw2rOEBhhTLl7kSlQVMn9dYu\"><span lang=\"pt-BR\">15.074\/2024<\/span><\/a><\/u><\/span><span lang=\"pt-BR\">, que disp\u00f5e sobre a Campanha Municipal de Preven\u00e7\u00e3o e Combate ao Turismo Sexual de Crian\u00e7as e Adolescentes; a Lei\u00a0<\/span><span lang=\"zxx\"><u><a href=\"https:\/\/sapl.joaopessoa.pb.leg.br\/media\/sapl\/public\/normajuridica\/2023\/19647\/lei_no_14961-2023.pdf\" target=\"_blank\" rel=\"noopener\" data-saferedirecturl=\"https:\/\/www.google.com\/url?q=https:\/\/sapl.joaopessoa.pb.leg.br\/media\/sapl\/public\/normajuridica\/2023\/19647\/lei_no_14961-2023.pdf&amp;source=gmail&amp;ust=1739987619662000&amp;usg=AOvVaw2zjd5KHBOLcdQWa9rXg7JA\"><span lang=\"pt-BR\">14.961\/2023<\/span><\/a><\/u><\/span><span lang=\"pt-BR\">, que implementa o protocolo com o conjunto de a\u00e7\u00f5es para que espa\u00e7os p\u00fablicos de lazer saibam como agir em situa\u00e7\u00f5es de agress\u00e3o sexual; a Lei\u00a0<\/span><span lang=\"zxx\"><u><a href=\"https:\/\/sapl.joaopessoa.pb.leg.br\/media\/sapl\/public\/normajuridica\/2023\/19471\/lei_no_14844-2023.pdf\" target=\"_blank\" rel=\"noopener\" data-saferedirecturl=\"https:\/\/www.google.com\/url?q=https:\/\/sapl.joaopessoa.pb.leg.br\/media\/sapl\/public\/normajuridica\/2023\/19471\/lei_no_14844-2023.pdf&amp;source=gmail&amp;ust=1739987619662000&amp;usg=AOvVaw1SVY4GTFyz-eum3Va03lC8\"><span lang=\"pt-BR\">14.844\/2023<\/span><\/a><\/u><\/span><span lang=\"pt-BR\">, que disp\u00f5e sobre a obrigatoriedade de fornecimento de bebedouros e banheiros nos centros esportivos privados e academias; a Lei\u00a0<\/span><span lang=\"zxx\"><u><a href=\"https:\/\/sapl.joaopessoa.pb.leg.br\/media\/sapl\/public\/normajuridica\/2021\/18763\/lei_no_14.274_de_22-09-2021.pdf\" target=\"_blank\" rel=\"noopener\" data-saferedirecturl=\"https:\/\/www.google.com\/url?q=https:\/\/sapl.joaopessoa.pb.leg.br\/media\/sapl\/public\/normajuridica\/2021\/18763\/lei_no_14.274_de_22-09-2021.pdf&amp;source=gmail&amp;ust=1739987619662000&amp;usg=AOvVaw1QezuwT1kY2L4TrTZGS7WH\"><span lang=\"pt-BR\">14.274\/2021<\/span><\/a><\/u><\/span><span lang=\"pt-BR\">, que disp\u00f5e sobre os crit\u00e9rios e procedimentos gerais a serem observados para ocupa\u00e7\u00e3o dos cargos em comiss\u00e3o e fun\u00e7\u00f5es de confian\u00e7a; e a Lei\u00a0<\/span><span lang=\"zxx\"><u><a href=\"https:\/\/sapl.joaopessoa.pb.leg.br\/media\/sapl\/public\/normajuridica\/2021\/18605\/lei_n_14156.pdf\" target=\"_blank\" rel=\"noopener\" data-saferedirecturl=\"https:\/\/www.google.com\/url?q=https:\/\/sapl.joaopessoa.pb.leg.br\/media\/sapl\/public\/normajuridica\/2021\/18605\/lei_n_14156.pdf&amp;source=gmail&amp;ust=1739987619662000&amp;usg=AOvVaw1neNfh2MyeTUX4MgjI59JZ\"><span lang=\"pt-BR\">14.156\/2021<\/span><\/a><\/u><\/span><span lang=\"pt-BR\">, que institui o Programa Escola Melhor, de incentivo \u00e0 realiza\u00e7\u00e3o de parcerias de pessoas f\u00edsicas e jur\u00eddicas com escolas p\u00fablicas municipais.<\/span><\/p>\n","protected":false},"excerpt":{"rendered":"<p>Eleito para seu terceiro mandato na C\u00e2mara Municipal de Jo\u00e3o Pessoa (CMJP) com 3.653 votos, o vereador Milanez Neto (MDB) tem entre suas principais bandeiras a defesa da Sa\u00fade e a preserva\u00e7\u00e3o do Centro Hist\u00f3rico da Capital. \u201cO sentimento da terceira posse na condi\u00e7\u00e3o de vereador \u00e9 de ainda mais responsabilidade. Eu devo muito a &hellip;<\/p>\n","protected":false},"author":1,"featured_media":115224,"comment_status":"open","ping_status":"open","sticky":false,"template":"","format":"standard","meta":{"footnotes":""},"categories":[8],"tags":[],"class_list":["post-134459","post","type-post","status-publish","format-standard","has-post-thumbnail","hentry","category-politica"],"_links":{"self":[{"href":"https:\/\/iparaiba.com.br\/index.php\/wp-json\/wp\/v2\/posts\/134459","targetHints":{"allow":["GET"]}}],"collection":[{"href":"https:\/\/iparaiba.com.br\/index.php\/wp-json\/wp\/v2\/posts"}],"about":[{"href":"https:\/\/iparaiba.com.br\/index.php\/wp-json\/wp\/v2\/types\/post"}],"author":[{"embeddable":true,"href":"https:\/\/iparaiba.com.br\/index.php\/wp-json\/wp\/v2\/users\/1"}],"replies":[{"embeddable":true,"href":"https:\/\/iparaiba.com.br\/index.php\/wp-json\/wp\/v2\/comments?post=134459"}],"version-history":[{"count":1,"href":"https:\/\/iparaiba.com.br\/index.php\/wp-json\/wp\/v2\/posts\/134459\/revisions"}],"predecessor-version":[{"id":134486,"href":"https:\/\/iparaiba.com.br\/index.php\/wp-json\/wp\/v2\/posts\/134459\/revisions\/134486"}],"wp:featuredmedia":[{"embeddable":true,"href":"https:\/\/iparaiba.com.br\/index.php\/wp-json\/wp\/v2\/media\/115224"}],"wp:attachment":[{"href":"https:\/\/iparaiba.com.br\/index.php\/wp-json\/wp\/v2\/media?parent=134459"}],"wp:term":[{"taxonomy":"category","embeddable":true,"href":"https:\/\/iparaiba.com.br\/index.php\/wp-json\/wp\/v2\/categories?post=134459"},{"taxonomy":"post_tag","embeddable":true,"href":"https:\/\/iparaiba.com.br\/index.php\/wp-json\/wp\/v2\/tags?post=134459"}],"curies":[{"name":"wp","href":"https:\/\/api.w.org\/{rel}","templated":true}]}}