{"id":134457,"date":"2025-02-19T18:50:14","date_gmt":"2025-02-19T21:50:14","guid":{"rendered":"https:\/\/onordeste.com.br\/?p=134452"},"modified":"2025-02-19T18:50:14","modified_gmt":"2025-02-19T21:50:14","slug":"waleria-solicita-atencao-a-associacao-de-atendimento-ao-autismo","status":"publish","type":"post","link":"https:\/\/iparaiba.com.br\/index.php\/2025\/02\/19\/waleria-solicita-atencao-a-associacao-de-atendimento-ao-autismo\/","title":{"rendered":"Wal\u00e9ria solicita aten\u00e7\u00e3o \u00e0 associa\u00e7\u00e3o de atendimento ao autismo"},"content":{"rendered":"<p>A vereadora Wal\u00e9ria Assun\u00e7\u00e3o usou a tribuna da C\u00e2mara Municipal de Campina Grande para solicitar apoio da gest\u00e3o municipal \u00e0 Associa\u00e7\u00e3o Campinense de Pais Autistas (ACPA), entidade que h\u00e1 mais de 10 anos atende crian\u00e7as com Transtorno do Espectro Autista (TEA) com a oferta de terapias importantes.<\/p>\n<p>Entre algumas das demandas da associa\u00e7\u00e3o, a vereadora citou o atraso da Prefeitura no repasse de verbas do SUS e a necessidade do STTP realizar a adapta\u00e7\u00e3o necess\u00e1ria ao credenciamento da associa\u00e7\u00e3o junto ao Minist\u00e9rio da Sa\u00fade, o que possibilitar\u00e1 a amplia\u00e7\u00e3o do atendimento.<\/p>\n<p>Atualmente a ACPA atende 200 crian\u00e7as e tem uma fila de espera de 260, que poder\u00e1 ser praticamente resolvido com o credenciamento para cria\u00e7\u00e3o de um n\u00facleo. \u201cCom isso a entidade vai poder conseguir atender mais 200 crian\u00e7as no turno da tarde, mas precisa cumprir alguns requisitos e um deles pede a instala\u00e7\u00e3o de uma faixa de pedestre elevat\u00f3rio e a cria\u00e7\u00e3o de duas vagas de estacionamento na frente da sede\u201d.<\/p>\n<p>A vereadora destacou a import\u00e2ncia da STTP priorizando esta demanda que se constitui num n\u00famero importante alocado para que a ACPA possa dobrar sua capacidade de atendimento. \u201cEstamos falando de sa\u00fade, de crian\u00e7as e fam\u00edlias que precisam desse suporte. O fiscal da autarquia foi ao local e agora a associa\u00e7\u00e3o depende desta provid\u00eancia e de algo que inclusive v\u00ea em alguns locais da cidade, a exemplo de escolas particulares e hospitais e \u00e9 urgente que uma entidade respons\u00e1vel por um servi\u00e7o t\u00e3o\u00a0importante, seja\u00a0atendida\u201d, disse Wal\u00e9ria.<\/p>\n","protected":false},"excerpt":{"rendered":"<p>A vereadora Wal\u00e9ria Assun\u00e7\u00e3o usou a tribuna da C\u00e2mara Municipal de Campina Grande para solicitar apoio da gest\u00e3o municipal \u00e0 Associa\u00e7\u00e3o Campinense de Pais Autistas (ACPA), entidade que h\u00e1 mais de 10 anos atende crian\u00e7as com Transtorno do Espectro Autista (TEA) com a oferta de terapias importantes. Entre algumas das demandas da associa\u00e7\u00e3o, a vereadora &hellip;<\/p>\n","protected":false},"author":1,"featured_media":115500,"comment_status":"open","ping_status":"open","sticky":false,"template":"","format":"standard","meta":{"footnotes":""},"categories":[8],"tags":[],"class_list":["post-134457","post","type-post","status-publish","format-standard","has-post-thumbnail","hentry","category-politica"],"_links":{"self":[{"href":"https:\/\/iparaiba.com.br\/index.php\/wp-json\/wp\/v2\/posts\/134457","targetHints":{"allow":["GET"]}}],"collection":[{"href":"https:\/\/iparaiba.com.br\/index.php\/wp-json\/wp\/v2\/posts"}],"about":[{"href":"https:\/\/iparaiba.com.br\/index.php\/wp-json\/wp\/v2\/types\/post"}],"author":[{"embeddable":true,"href":"https:\/\/iparaiba.com.br\/index.php\/wp-json\/wp\/v2\/users\/1"}],"replies":[{"embeddable":true,"href":"https:\/\/iparaiba.com.br\/index.php\/wp-json\/wp\/v2\/comments?post=134457"}],"version-history":[{"count":1,"href":"https:\/\/iparaiba.com.br\/index.php\/wp-json\/wp\/v2\/posts\/134457\/revisions"}],"predecessor-version":[{"id":134484,"href":"https:\/\/iparaiba.com.br\/index.php\/wp-json\/wp\/v2\/posts\/134457\/revisions\/134484"}],"wp:featuredmedia":[{"embeddable":true,"href":"https:\/\/iparaiba.com.br\/index.php\/wp-json\/wp\/v2\/media\/115500"}],"wp:attachment":[{"href":"https:\/\/iparaiba.com.br\/index.php\/wp-json\/wp\/v2\/media?parent=134457"}],"wp:term":[{"taxonomy":"category","embeddable":true,"href":"https:\/\/iparaiba.com.br\/index.php\/wp-json\/wp\/v2\/categories?post=134457"},{"taxonomy":"post_tag","embeddable":true,"href":"https:\/\/iparaiba.com.br\/index.php\/wp-json\/wp\/v2\/tags?post=134457"}],"curies":[{"name":"wp","href":"https:\/\/api.w.org\/{rel}","templated":true}]}}