{"id":134455,"date":"2025-02-19T14:00:51","date_gmt":"2025-02-19T17:00:51","guid":{"rendered":"https:\/\/onordeste.com.br\/?p=134448"},"modified":"2025-02-19T14:00:51","modified_gmt":"2025-02-19T17:00:51","slug":"paraiba-tera-rede-de-viveiros-de-mudas-para-arborizacao-urbana","status":"publish","type":"post","link":"https:\/\/iparaiba.com.br\/index.php\/2025\/02\/19\/paraiba-tera-rede-de-viveiros-de-mudas-para-arborizacao-urbana\/","title":{"rendered":"Para\u00edba ter\u00e1 rede de viveiros de mudas para arboriza\u00e7\u00e3o urbana"},"content":{"rendered":"<p>O Governo da Para\u00edba, por meio da Secretaria Estadual de Meio Ambiente e Sustentabilidade (Semas), vai criar uma rede de viveiros de mudas para fomentar a agricultura familiar e garantir a produ\u00e7\u00e3o de esp\u00e9cies para a recupera\u00e7\u00e3o de \u00e1reas degradadas e arboriza\u00e7\u00e3o urbana nos munic\u00edpios paraibanos. O projeto est\u00e1 em fase de implanta\u00e7\u00e3o e vai atender pequenos produtores de todo estado.<\/p>\n<p>\u201cEssa \u00e9 uma iniciativa que se inspira no PAA &#8211; o Programa de Aquisi\u00e7\u00e3o de Alimentos, onde poder p\u00fablico compra itens aliment\u00edcios dos agricultores familiares. No nosso caso, n\u00f3s vamos comprar mudas de \u00e1rvores desses produtores e disponibilizar para projetos de arboriza\u00e7\u00e3o das Prefeituras de todo estado, respeitando as esp\u00e9cies nativas de cada regi\u00e3o\u201d, explicou a secret\u00e1ria Rafaela Camaraense.<\/p>\n<p>Desse modo, ela conta que o projeto vai atuar em duas frentes: no incentivo \u00e0 economia local, com um modelo sustent\u00e1vel, e na melhoraria da qualidade ambiental das cidades, reduzindo ilhas de calor e aumentando a cobertura vegetal.<\/p>\n<p>\u201cAl\u00e9m disso, tamb\u00e9m vamos utilizar essas mudas para o plantio nas \u00e1reas onde funcionavam os lix\u00f5es. Com a nova legisla\u00e7\u00e3o, que extinguiu esses locais e imp\u00f4s \u00e0s Prefeituras a recupera\u00e7\u00e3o das \u00e1reas, muitos prefeitos t\u00eam nos procurado pedindo ajuda para plantar essas \u00e1rvores, porque n\u00e3o possuem mudas suficientes e ou que sejam compat\u00edveis com sua regi\u00e3o. N\u00f3s queremos ser parceiros dos munic\u00edpios e oferecer as mudas para que a recupera\u00e7\u00e3o desses espa\u00e7os degradados aconte\u00e7a\u201d, ressaltou.<\/p>\n","protected":false},"excerpt":{"rendered":"<p>O Governo da Para\u00edba, por meio da Secretaria Estadual de Meio Ambiente e Sustentabilidade (Semas), vai criar uma rede de viveiros de mudas para fomentar a agricultura familiar e garantir a produ\u00e7\u00e3o de esp\u00e9cies para a recupera\u00e7\u00e3o de \u00e1reas degradadas e arboriza\u00e7\u00e3o urbana nos munic\u00edpios paraibanos. O projeto est\u00e1 em fase de implanta\u00e7\u00e3o e vai &hellip;<\/p>\n","protected":false},"author":1,"featured_media":99267,"comment_status":"open","ping_status":"open","sticky":false,"template":"","format":"standard","meta":{"footnotes":""},"categories":[3],"tags":[],"class_list":["post-134455","post","type-post","status-publish","format-standard","has-post-thumbnail","hentry","category-nordeste"],"_links":{"self":[{"href":"https:\/\/iparaiba.com.br\/index.php\/wp-json\/wp\/v2\/posts\/134455","targetHints":{"allow":["GET"]}}],"collection":[{"href":"https:\/\/iparaiba.com.br\/index.php\/wp-json\/wp\/v2\/posts"}],"about":[{"href":"https:\/\/iparaiba.com.br\/index.php\/wp-json\/wp\/v2\/types\/post"}],"author":[{"embeddable":true,"href":"https:\/\/iparaiba.com.br\/index.php\/wp-json\/wp\/v2\/users\/1"}],"replies":[{"embeddable":true,"href":"https:\/\/iparaiba.com.br\/index.php\/wp-json\/wp\/v2\/comments?post=134455"}],"version-history":[{"count":1,"href":"https:\/\/iparaiba.com.br\/index.php\/wp-json\/wp\/v2\/posts\/134455\/revisions"}],"predecessor-version":[{"id":134482,"href":"https:\/\/iparaiba.com.br\/index.php\/wp-json\/wp\/v2\/posts\/134455\/revisions\/134482"}],"wp:featuredmedia":[{"embeddable":true,"href":"https:\/\/iparaiba.com.br\/index.php\/wp-json\/wp\/v2\/media\/99267"}],"wp:attachment":[{"href":"https:\/\/iparaiba.com.br\/index.php\/wp-json\/wp\/v2\/media?parent=134455"}],"wp:term":[{"taxonomy":"category","embeddable":true,"href":"https:\/\/iparaiba.com.br\/index.php\/wp-json\/wp\/v2\/categories?post=134455"},{"taxonomy":"post_tag","embeddable":true,"href":"https:\/\/iparaiba.com.br\/index.php\/wp-json\/wp\/v2\/tags?post=134455"}],"curies":[{"name":"wp","href":"https:\/\/api.w.org\/{rel}","templated":true}]}}