{"id":134454,"date":"2025-02-19T12:00:52","date_gmt":"2025-02-19T15:00:52","guid":{"rendered":"https:\/\/onordeste.com.br\/?p=134446"},"modified":"2025-02-19T12:00:52","modified_gmt":"2025-02-19T15:00:52","slug":"campanha-meu-corpo-nao-e-sua-folia-combate-importunacao-sexual","status":"publish","type":"post","link":"https:\/\/iparaiba.com.br\/index.php\/2025\/02\/19\/campanha-meu-corpo-nao-e-sua-folia-combate-importunacao-sexual\/","title":{"rendered":"Campanha &#8220;Meu Corpo N\u00e3o \u00e9 Sua Folia&#8221; combate importuna\u00e7\u00e3o sexual"},"content":{"rendered":"<p>O Governo da Para\u00edba, por meio da Secretaria de Estado da Mulher e da Diversidade Humana (SEMDH), inicia a distribui\u00e7\u00e3o de materiais da 7\u00aa edi\u00e7\u00e3o da campanha &#8220;Meu Corpo N\u00e3o \u00e9 Sua Folia&#8221; a partir da abertura das pr\u00e9vias carnavalescas de Jo\u00e3o Pessoa, no dia 21 de fevereiro. A a\u00e7\u00e3o, coordenada pela Rede de Prote\u00e7\u00e3o \u00e0s Mulheres em Situa\u00e7\u00e3o de Viol\u00eancia na Para\u00edba (Reamcav), conta com a participa\u00e7\u00e3o integrada de diversos \u00f3rg\u00e3os, como a Secretaria de Estado de Seguran\u00e7a P\u00fablica e Defesa Social, Minist\u00e9rio P\u00fablico, Tribunal de Justi\u00e7a, OAB-PB, Defensoria P\u00fablica, entre outros.<\/p>\n<p>A campanha tem como objetivo alertar sobre a import\u00e2ncia do respeito ao corpo da mulher durante os festejos carnavalescos, refor\u00e7ando que o crime de importuna\u00e7\u00e3o sexual, previsto na Lei 13.718\/18, pode resultar em pena de um a cinco anos de pris\u00e3o.<\/p>\n<p>Este ano, a campanha inclui a distribui\u00e7\u00e3o de leques e adesivos contendo informa\u00e7\u00f5es sobre os canais de den\u00fancia, como os telefones 197 (den\u00fancia) e 190 (emerg\u00eancia). Al\u00e9m disso, ser\u00e3o realizadas a\u00e7\u00f5es preventivas nas pr\u00e9vias da Folia de Rua, na capital, e em cidades do interior, em parceria com a Coordenadoria das Delegacias da Mulher da Para\u00edba.<\/p>\n","protected":false},"excerpt":{"rendered":"<p>O Governo da Para\u00edba, por meio da Secretaria de Estado da Mulher e da Diversidade Humana (SEMDH), inicia a distribui\u00e7\u00e3o de materiais da 7\u00aa edi\u00e7\u00e3o da campanha &#8220;Meu Corpo N\u00e3o \u00e9 Sua Folia&#8221; a partir da abertura das pr\u00e9vias carnavalescas de Jo\u00e3o Pessoa, no dia 21 de fevereiro. A a\u00e7\u00e3o, coordenada pela Rede de Prote\u00e7\u00e3o &hellip;<\/p>\n","protected":false},"author":1,"featured_media":105459,"comment_status":"open","ping_status":"open","sticky":false,"template":"","format":"standard","meta":{"footnotes":""},"categories":[6],"tags":[],"class_list":["post-134454","post","type-post","status-publish","format-standard","has-post-thumbnail","hentry","category-destaques"],"_links":{"self":[{"href":"https:\/\/iparaiba.com.br\/index.php\/wp-json\/wp\/v2\/posts\/134454","targetHints":{"allow":["GET"]}}],"collection":[{"href":"https:\/\/iparaiba.com.br\/index.php\/wp-json\/wp\/v2\/posts"}],"about":[{"href":"https:\/\/iparaiba.com.br\/index.php\/wp-json\/wp\/v2\/types\/post"}],"author":[{"embeddable":true,"href":"https:\/\/iparaiba.com.br\/index.php\/wp-json\/wp\/v2\/users\/1"}],"replies":[{"embeddable":true,"href":"https:\/\/iparaiba.com.br\/index.php\/wp-json\/wp\/v2\/comments?post=134454"}],"version-history":[{"count":1,"href":"https:\/\/iparaiba.com.br\/index.php\/wp-json\/wp\/v2\/posts\/134454\/revisions"}],"predecessor-version":[{"id":134481,"href":"https:\/\/iparaiba.com.br\/index.php\/wp-json\/wp\/v2\/posts\/134454\/revisions\/134481"}],"wp:featuredmedia":[{"embeddable":true,"href":"https:\/\/iparaiba.com.br\/index.php\/wp-json\/wp\/v2\/media\/105459"}],"wp:attachment":[{"href":"https:\/\/iparaiba.com.br\/index.php\/wp-json\/wp\/v2\/media?parent=134454"}],"wp:term":[{"taxonomy":"category","embeddable":true,"href":"https:\/\/iparaiba.com.br\/index.php\/wp-json\/wp\/v2\/categories?post=134454"},{"taxonomy":"post_tag","embeddable":true,"href":"https:\/\/iparaiba.com.br\/index.php\/wp-json\/wp\/v2\/tags?post=134454"}],"curies":[{"name":"wp","href":"https:\/\/api.w.org\/{rel}","templated":true}]}}