{"id":134451,"date":"2025-02-19T06:00:58","date_gmt":"2025-02-19T09:00:58","guid":{"rendered":"https:\/\/onordeste.com.br\/?p=134440"},"modified":"2025-02-19T06:00:58","modified_gmt":"2025-02-19T09:00:58","slug":"desemprego-de-2024-foi-menor","status":"publish","type":"post","link":"https:\/\/iparaiba.com.br\/index.php\/2025\/02\/19\/desemprego-de-2024-foi-menor\/","title":{"rendered":"Desemprego de 2024 foi menor"},"content":{"rendered":"<p>Para 14 estados, o ano de 2024 terminou com o menor n\u00edvel de desemprego j\u00e1 registrado pela s\u00e9rie hist\u00f3rica da Pesquisa Nacional por Amostra de Domic\u00edlios (Pnad) Cont\u00ednua, que come\u00e7ou em 2012. O dado foi divulgado nesta sexta-feira (14) pelo do Instituto Brasileiro de Geografia e Estat\u00edstica (IBGE).<\/p>\n<p>O comportamento desses estados se assemelha ao do Brasil como um todo, que registrou a taxa m\u00e9dia de 6,6% de desemprego, em 2024, conforme j\u00e1 havia sido divulgado pelo IBGE.<\/p>\n<p>O recorde de baixa no n\u00edvel de ocupa\u00e7\u00e3o foi atingido nas seguintes localidades:<\/p>\n<p>Rio Grande do Norte (8,5%)<\/p>\n<p>Amazonas (8,4%)<\/p>\n<p>Amap\u00e1 (8,3%)<\/p>\n<p>Alagoas (7,6%)<\/p>\n<p>Maranh\u00e3o (7,1%)<\/p>\n<p>Cear\u00e1 (7%)<\/p>\n<p>Acre (6,4%)<\/p>\n<p>S\u00e3o Paulo (6,2%)<\/p>\n<p>Tocantins (5,5%)<\/p>\n<p>Minas Gerais (5%)<\/p>\n<p>Esp\u00edrito Santo (3,9%)<\/p>\n<p>Mato Grosso do Sul (3,9%)<\/p>\n<p>Santa Catarina (2,9%)<\/p>\n<p>Mato Grosso (2,6%)<\/p>\n<p>A pesquisa do IBGE apura o comportamento no mercado de trabalho para pessoas com 14 anos ou mais e leva em conta todas as formas de ocupa\u00e7\u00e3o, seja emprego com ou sem carteira assinada, tempor\u00e1rio e por conta pr\u00f3pria, por exemplo. S\u00e3o visitados 211 mil domic\u00edlios em todos os estados e no Distrito Federal.<\/p>\n<p>As maiores taxas m\u00e9dias de 2024 foram apontadas na Bahia (10,8%), Pernambuco (10,8%) e Distrito Federal (9,6%).<\/p>\n<p><strong>Regi\u00f5es<\/strong><br \/>\nPor regi\u00f5es, o Norte (7%), Sudeste (6,4%), Sul (4,2%) e Centro-Oeste (5,4%) alcan\u00e7aram os menores n\u00edveis de desocupa\u00e7\u00e3o desde o in\u00edcio da s\u00e9rie hist\u00f3rica.<\/p>\n<p>J\u00e1 no Nordeste, a taxa ficou em 9%, a menor desde 2015, por\u00e9m acima do recorde m\u00ednimo de 8,6%, atingido em 2014.<\/p>\n<p><strong>Informalidade<\/strong><br \/>\nO IBGE revelou que ao longo do ano passado, a taxa de informalidade no pa\u00eds foi de 39% da popula\u00e7\u00e3o ocupada, sendo as maiores m\u00e9dias no Par\u00e1 (58,1%), Piau\u00ed, (56,6%) e Maranh\u00e3o (55,3%). As menores ficaram localizadas em Santa Catarina (26,4%), Distrito Federal (29,6%) e S\u00e3o Paulo (31,1%).<\/p>\n<p><em>*Informa\u00e7\u00f5es da Ag\u00eancia Brasil<\/em><\/p>\n","protected":false},"excerpt":{"rendered":"<p>Para 14 estados, o ano de 2024 terminou com o menor n\u00edvel de desemprego j\u00e1 registrado pela s\u00e9rie hist\u00f3rica da Pesquisa Nacional por Amostra de Domic\u00edlios (Pnad) Cont\u00ednua, que come\u00e7ou em 2012. O dado foi divulgado nesta sexta-feira (14) pelo do Instituto Brasileiro de Geografia e Estat\u00edstica (IBGE). O comportamento desses estados se assemelha ao &hellip;<\/p>\n","protected":false},"author":1,"featured_media":123455,"comment_status":"open","ping_status":"open","sticky":false,"template":"","format":"standard","meta":{"footnotes":""},"categories":[12],"tags":[],"class_list":["post-134451","post","type-post","status-publish","format-standard","has-post-thumbnail","hentry","category-emprego"],"_links":{"self":[{"href":"https:\/\/iparaiba.com.br\/index.php\/wp-json\/wp\/v2\/posts\/134451","targetHints":{"allow":["GET"]}}],"collection":[{"href":"https:\/\/iparaiba.com.br\/index.php\/wp-json\/wp\/v2\/posts"}],"about":[{"href":"https:\/\/iparaiba.com.br\/index.php\/wp-json\/wp\/v2\/types\/post"}],"author":[{"embeddable":true,"href":"https:\/\/iparaiba.com.br\/index.php\/wp-json\/wp\/v2\/users\/1"}],"replies":[{"embeddable":true,"href":"https:\/\/iparaiba.com.br\/index.php\/wp-json\/wp\/v2\/comments?post=134451"}],"version-history":[{"count":1,"href":"https:\/\/iparaiba.com.br\/index.php\/wp-json\/wp\/v2\/posts\/134451\/revisions"}],"predecessor-version":[{"id":134478,"href":"https:\/\/iparaiba.com.br\/index.php\/wp-json\/wp\/v2\/posts\/134451\/revisions\/134478"}],"wp:featuredmedia":[{"embeddable":true,"href":"https:\/\/iparaiba.com.br\/index.php\/wp-json\/wp\/v2\/media\/123455"}],"wp:attachment":[{"href":"https:\/\/iparaiba.com.br\/index.php\/wp-json\/wp\/v2\/media?parent=134451"}],"wp:term":[{"taxonomy":"category","embeddable":true,"href":"https:\/\/iparaiba.com.br\/index.php\/wp-json\/wp\/v2\/categories?post=134451"},{"taxonomy":"post_tag","embeddable":true,"href":"https:\/\/iparaiba.com.br\/index.php\/wp-json\/wp\/v2\/tags?post=134451"}],"curies":[{"name":"wp","href":"https:\/\/api.w.org\/{rel}","templated":true}]}}