{"id":134425,"date":"2025-02-09T16:58:52","date_gmt":"2025-02-09T19:58:52","guid":{"rendered":"https:\/\/onordeste.com.br\/?p=134380"},"modified":"2025-02-09T16:58:52","modified_gmt":"2025-02-09T19:58:52","slug":"sebrae-destaca-capacitacao-para-o-sucesso-dos-pequenos-negocios","status":"publish","type":"post","link":"https:\/\/iparaiba.com.br\/index.php\/2025\/02\/09\/sebrae-destaca-capacitacao-para-o-sucesso-dos-pequenos-negocios\/","title":{"rendered":"Sebrae destaca capacita\u00e7\u00e3o para o sucesso dos pequenos neg\u00f3cios"},"content":{"rendered":"<p>Ser dono do pr\u00f3prio neg\u00f3cio \u00e9 o sonho de muita gente. Mas, antes de iniciar a empresa e colocar as ideias em pr\u00e1tica, \u00e9 preciso buscar conhecimento para desenvolver o empreendimento. O apoio a um neg\u00f3cio em seu in\u00edcio \u00e9 ofertado pelo Sebrae, que orienta o empreendedor para come\u00e7ar a desenvolver a empresa.<\/p>\n<p>Para quem quer ser o pr\u00f3prio patr\u00e3o o come\u00e7o de tudo \u00e9 acreditar na ideia do neg\u00f3cio e buscar apoio para desenvolv\u00ea-la, como defende o superintendente do Sebrae\/PB, Luiz Alberto Amorim.<\/p>\n<p>\u201c\u00c9 acreditar naquilo que voc\u00ea quer fazer. Se voc\u00ea n\u00e3o acredita, n\u00e3o adianta fazer o neg\u00f3cio. Quando voc\u00ea vai empreender e buscar para a sua ideia a informa\u00e7\u00e3o sobre o que voc\u00ea precisa fazer, uma capacita\u00e7\u00e3o para aquilo, a sua chance de sucesso \u00e9 maior\u201d, explica Luiz Alberto.<\/p>\n<p>Para isso, ele lembra que o Sebrae disponibiliza cursos e eventos, para diversos setores, o ano inteiro, inclusive capacita\u00e7\u00f5es gratuitas, nos formatos presencial e \u00e0 dist\u00e2ncia. \u201c\u00c9 essencial que as pessoas busquem se informar e se capacitar antes de come\u00e7ar\u201d, falou.<\/p>\n<p>Luiz Alberto ainda refor\u00e7ou a import\u00e2ncia dos pequenos neg\u00f3cios para a economia, gerando emprego e renda.<\/p>\n<p>Na Para\u00edba, das 283.661 empresas ativas, 153.183 s\u00e3o Microempreendedores individuais (MEIs), 103.103 mil s\u00e3o Microempresas e 13.858 s\u00e3o empresas de pequeno porte. Os dados s\u00e3o do Sebrae. \u201cAs micro e pequenas empresas representam o CNPJ de mais de 90% do empresariado. A base de empregos gerados hoje \u00e9 sustentada pela pequena empresa\u201d, frisou.<\/p>\n<p>Ainda no cen\u00e1rio estadual, os MEIs, que representam mais de 54% dos pequenos neg\u00f3cios locais, est\u00e3o presente em sua maioria em atividades de est\u00e9tica e cuidados com a beleza, somando 10.745 empreendedores, e outros 9.168 pequenos empres\u00e1rios que atuam no com\u00e9rcio varejista de vestu\u00e1rio e acess\u00f3rios.<\/p>\n<p>Al\u00e9m de observar as atividades que est\u00e3o em alta, fazer uma pesquisa de mercado tamb\u00e9m \u00e9 importante antes de iniciar o neg\u00f3cio. Para isso, al\u00e9m do atendimento nas unidades do Sebrae, a institui\u00e7\u00e3o ainda oferece cursos gratuitos para orientar os empreendedores, como o curso \u201cAn\u00e1lise de neg\u00f3cio: pesquisa de mercado\u201d. Para participar, basta acessar o link: https:\/\/bit.ly\/3WRqDdH.<\/p>\n","protected":false},"excerpt":{"rendered":"<p>Ser dono do pr\u00f3prio neg\u00f3cio \u00e9 o sonho de muita gente. Mas, antes de iniciar a empresa e colocar as ideias em pr\u00e1tica, \u00e9 preciso buscar conhecimento para desenvolver o empreendimento. O apoio a um neg\u00f3cio em seu in\u00edcio \u00e9 ofertado pelo Sebrae, que orienta o empreendedor para come\u00e7ar a desenvolver a empresa. Para quem &hellip;<\/p>\n","protected":false},"author":1,"featured_media":102077,"comment_status":"open","ping_status":"open","sticky":false,"template":"","format":"standard","meta":{"footnotes":""},"categories":[6],"tags":[],"class_list":["post-134425","post","type-post","status-publish","format-standard","has-post-thumbnail","hentry","category-destaques"],"_links":{"self":[{"href":"https:\/\/iparaiba.com.br\/index.php\/wp-json\/wp\/v2\/posts\/134425","targetHints":{"allow":["GET"]}}],"collection":[{"href":"https:\/\/iparaiba.com.br\/index.php\/wp-json\/wp\/v2\/posts"}],"about":[{"href":"https:\/\/iparaiba.com.br\/index.php\/wp-json\/wp\/v2\/types\/post"}],"author":[{"embeddable":true,"href":"https:\/\/iparaiba.com.br\/index.php\/wp-json\/wp\/v2\/users\/1"}],"replies":[{"embeddable":true,"href":"https:\/\/iparaiba.com.br\/index.php\/wp-json\/wp\/v2\/comments?post=134425"}],"version-history":[{"count":0,"href":"https:\/\/iparaiba.com.br\/index.php\/wp-json\/wp\/v2\/posts\/134425\/revisions"}],"wp:featuredmedia":[{"embeddable":true,"href":"https:\/\/iparaiba.com.br\/index.php\/wp-json\/wp\/v2\/media\/102077"}],"wp:attachment":[{"href":"https:\/\/iparaiba.com.br\/index.php\/wp-json\/wp\/v2\/media?parent=134425"}],"wp:term":[{"taxonomy":"category","embeddable":true,"href":"https:\/\/iparaiba.com.br\/index.php\/wp-json\/wp\/v2\/categories?post=134425"},{"taxonomy":"post_tag","embeddable":true,"href":"https:\/\/iparaiba.com.br\/index.php\/wp-json\/wp\/v2\/tags?post=134425"}],"curies":[{"name":"wp","href":"https:\/\/api.w.org\/{rel}","templated":true}]}}