{"id":134422,"date":"2025-02-12T17:30:43","date_gmt":"2025-02-12T20:30:43","guid":{"rendered":"https:\/\/onordeste.com.br\/?p=134422"},"modified":"2025-02-12T17:30:43","modified_gmt":"2025-02-12T20:30:43","slug":"reajuste-de-servidor-sera-pago-em-abril-se-loa-for-aprovada","status":"publish","type":"post","link":"https:\/\/iparaiba.com.br\/index.php\/2025\/02\/12\/reajuste-de-servidor-sera-pago-em-abril-se-loa-for-aprovada\/","title":{"rendered":"Reajuste de servidor ser\u00e1 pago em abril se LOA for aprovada"},"content":{"rendered":"<p>A ministra da Gest\u00e3o e da Inova\u00e7\u00e3o em Servi\u00e7os P\u00fablicos, Esther Dweck, disse nesta quarta-feira (5), em Bras\u00edlia, que, caso a Lei Or\u00e7ament\u00e1ria Anual (LOA) seja aprovada pelo Congresso Nacional e sancionada pelo presidente Luiz In\u00e1cio Lula da Silva at\u00e9 15 de mar\u00e7o, o reajuste dos servidores p\u00fablicos federais &#8211; negociado no ano passado &#8211; ser\u00e1 pago a partir de 1\u00ba de abril.<img decoding=\"async\" src=\"https:\/\/agenciabrasil.ebc.com.br\/ebc.png?id=1629153&amp;o=node\" \/><img decoding=\"async\" src=\"https:\/\/agenciabrasil.ebc.com.br\/ebc.gif?id=1629153&amp;o=node\" \/><\/p>\n<p>\u201cA gente j\u00e1 comunicou os servidores e eles v\u00e3o receber retroativamente assim que a lei for aprovada e sancionada pelo presidente. Se [a vota\u00e7\u00e3o] for em 10 de mar\u00e7o, nossa expectativa \u00e9 que, se a gente conseguir sancionar at\u00e9 15 de mar\u00e7o, ainda entra na folha de mar\u00e7o e, portanto, a gente paga a partir de 1\u00ba de abril. Se n\u00e3o for sancionada at\u00e9 meados de mar\u00e7o, mas posteriormente, a gente consegue pagar na folha de abril, que \u00e9 paga efetivamente em maio.\u201d<\/p>\n<p>Em entrevista a emissoras de r\u00e1dio durante o programa<strong>\u00a0Bom Dia, Ministra<\/strong>,<strong>\u00a0da<\/strong>\u00a0<strong>Empresa Brasil de Comunica\u00e7\u00e3o (EBC)<\/strong>, Esther lembrou que, no final do ano passado, a aprova\u00e7\u00e3o de diversas medidas enviadas pelo Executivo ao Congresso Nacional acabou por inviabilizar a aprova\u00e7\u00e3o da LOA no tempo inicialmente previsto \u2013 at\u00e9 dezembro. \u201cO Congresso fez um esfor\u00e7o muito grande para aprovar, inclusive, uma emenda constitucional enviada pelo Executivo\u201d, afirmou.<\/p>\n<p>\u201cO Congresso est\u00e1 muito atento a isso. O relator [da LOA], senador \u00c2ngelo Coronel (PSD-BA, falou sobre a dificuldade de ser mais r\u00e1pido do que o prazo que ele prop\u00f4s e a gente est\u00e1 bastante confiante de que 10 de mar\u00e7o seja uma data bem prov\u00e1vel mesmo &#8211; para aprova\u00e7\u00e3o. Portanto, a gente tem chance ainda de pagar a partir de 1\u00ba de abril. E os servidores v\u00e3o receber retroativamente o reajuste de janeiro, fevereiro e mar\u00e7o nesse contracheque de mar\u00e7o,\u201d explicou a ministra.<\/p>\n<p>Segundo ela, a medida provis\u00f3ria que autorizou o reajuste dos servidores p\u00fablicos federais est\u00e1 valendo desde 1\u00ba de janeiro.<\/p>\n<p>agenciabrasil.ebc<\/p>\n","protected":false},"excerpt":{"rendered":"<p>A ministra da Gest\u00e3o e da Inova\u00e7\u00e3o em Servi\u00e7os P\u00fablicos, Esther Dweck, disse nesta quarta-feira (5), em Bras\u00edlia, que, caso a Lei Or\u00e7ament\u00e1ria Anual (LOA) seja aprovada pelo Congresso Nacional e sancionada pelo presidente Luiz In\u00e1cio Lula da Silva at\u00e9 15 de mar\u00e7o, o reajuste dos servidores p\u00fablicos federais &#8211; negociado no ano passado &#8211; &hellip;<\/p>\n","protected":false},"author":1,"featured_media":98987,"comment_status":"open","ping_status":"open","sticky":false,"template":"","format":"standard","meta":{"footnotes":""},"categories":[12],"tags":[],"class_list":["post-134422","post","type-post","status-publish","format-standard","has-post-thumbnail","hentry","category-emprego"],"_links":{"self":[{"href":"https:\/\/iparaiba.com.br\/index.php\/wp-json\/wp\/v2\/posts\/134422","targetHints":{"allow":["GET"]}}],"collection":[{"href":"https:\/\/iparaiba.com.br\/index.php\/wp-json\/wp\/v2\/posts"}],"about":[{"href":"https:\/\/iparaiba.com.br\/index.php\/wp-json\/wp\/v2\/types\/post"}],"author":[{"embeddable":true,"href":"https:\/\/iparaiba.com.br\/index.php\/wp-json\/wp\/v2\/users\/1"}],"replies":[{"embeddable":true,"href":"https:\/\/iparaiba.com.br\/index.php\/wp-json\/wp\/v2\/comments?post=134422"}],"version-history":[{"count":1,"href":"https:\/\/iparaiba.com.br\/index.php\/wp-json\/wp\/v2\/posts\/134422\/revisions"}],"predecessor-version":[{"id":134446,"href":"https:\/\/iparaiba.com.br\/index.php\/wp-json\/wp\/v2\/posts\/134422\/revisions\/134446"}],"wp:featuredmedia":[{"embeddable":true,"href":"https:\/\/iparaiba.com.br\/index.php\/wp-json\/wp\/v2\/media\/98987"}],"wp:attachment":[{"href":"https:\/\/iparaiba.com.br\/index.php\/wp-json\/wp\/v2\/media?parent=134422"}],"wp:term":[{"taxonomy":"category","embeddable":true,"href":"https:\/\/iparaiba.com.br\/index.php\/wp-json\/wp\/v2\/categories?post=134422"},{"taxonomy":"post_tag","embeddable":true,"href":"https:\/\/iparaiba.com.br\/index.php\/wp-json\/wp\/v2\/tags?post=134422"}],"curies":[{"name":"wp","href":"https:\/\/api.w.org\/{rel}","templated":true}]}}