{"id":134420,"date":"2025-02-12T14:00:18","date_gmt":"2025-02-12T17:00:18","guid":{"rendered":"https:\/\/onordeste.com.br\/?p=134420"},"modified":"2025-02-12T14:00:18","modified_gmt":"2025-02-12T17:00:18","slug":"volta-as-aulas-especialistas-reforcam-importancia-da-vacinacao","status":"publish","type":"post","link":"https:\/\/iparaiba.com.br\/index.php\/2025\/02\/12\/volta-as-aulas-especialistas-reforcam-importancia-da-vacinacao\/","title":{"rendered":"Volta \u00e0s aulas: especialistas refor\u00e7am import\u00e2ncia da vacina\u00e7\u00e3o"},"content":{"rendered":"<p>No retorno dos estudantes \u00e0s salas de aula \u00e9 importante que os respons\u00e1veis confiram se a carteira de vacina\u00e7\u00e3o est\u00e1 em dia. &#8220;Toda vez que voc\u00ea tiver um grupo grande de crian\u00e7as ou de adolescentes convivendo,\u00a0tem um aumento de risco de transmiss\u00e3o de doen\u00e7as. Ent\u00e3o, \u00e9 por isso que vacinar significa\u00a0se proteger daquela doen\u00e7a e tamb\u00e9m proteger a coletividade&#8221;, explica a diretora da Sociedade Brasileira de Imuniza\u00e7\u00f5es (SBIm), Isabella Balallai.<img decoding=\"async\" src=\"https:\/\/agenciabrasil.ebc.com.br\/ebc.png?id=1629143&amp;o=node\" \/><img decoding=\"async\" src=\"https:\/\/agenciabrasil.ebc.com.br\/ebc.gif?id=1629143&amp;o=node\" \/><\/p>\n<p>Atualmente, o Sistema \u00danico de Sa\u00fade (SUS) oferece 16 vacinas para crian\u00e7as e adolescentes que protegem contra mais de 20 doen\u00e7as, al\u00e9m das vacinas contra dengue, que \u00e9 aplicada em regi\u00f5es do pa\u00eds com maior risco de cont\u00e1gio, contra a\u00a0<em>influenza<\/em>, que tem campanha anual, e de alguns imunizantes especiais para p\u00fablicos espec\u00edficos. Algumas delas t\u00eam esquema de duas ou tr\u00eas doses,\u00a0outras exigem dose de refor\u00e7o algum tempo depois do esquema inicial para que a prote\u00e7\u00e3o permane\u00e7a alta. Ou seja: a prote\u00e7\u00e3o efetiva depende de muitas idas ao posto de sa\u00fade e n\u00e3o apenas para os beb\u00eas.<\/p>\n<p>Para a imunologista e gerente m\u00e9dica de vacinas da farmac\u00eautica GSK, \u00a0Ana Medina, isso mostra como o calend\u00e1rio vacinal do Brasil \u00e9 robusto, mas pode confundir os respons\u00e1veis. Por isso, momentos de prepara\u00e7\u00e3o para novos ciclos, como a volta \u00e0s aulas, s\u00e3o uma boa oportunidade de conferir a carteira de vacina\u00e7\u00e3o.<\/p>\n<p>&#8220;A gente fica num per\u00edodo de f\u00e9rias, naquele ambiente mais familiar, com\u00a0possibilidade menor de cont\u00e1gio e depois\u00a0passa para aquele ambiente escolar que, por mais seguro que seja,\u00a0tem aglomera\u00e7\u00e3o, muitas vezes \u00e9 uma sala fechada, com ar condicionado e tudo isso favorece transmiss\u00e3o de doen\u00e7as infecciosas de uma forma geral. E a gente tem ainda o compartilhamento de objetos: a crian\u00e7a pequena pega o brinquedo, coloca na boca, outra crian\u00e7a pega e coloca na boca tamb\u00e9m, um adolescente empresta um batom, um copo. E eles voltam com aquela saudade n\u00e9? Ent\u00e3o querem abra\u00e7ar, beijar&#8221;, alerta a especialista.<\/p>\n<p>A diretora da SBIm, Isabella Ballalai, destaca algumas doen\u00e7as infeciosas que podem ter desfechos graves em crian\u00e7as, mas s\u00e3o preven\u00edveis por vacinas: &#8220;30% dos infectados por meningite pneumoc\u00f3cica morrem e 20% dos que tem meningite meningoc\u00f3cica morrem. E dos que sobrevivem, um em cada cinco vai ter sequela grave como amputa\u00e7\u00e3o dos membros, entre outras, para o resto da vida&#8221;. Essas doen\u00e7as s\u00e3o causadas por bact\u00e9rias do tipo pneumococo e meningococo, mas o SUS oferece as vacinas Pneumo-10, Meningo C e Meningo ACWY que protegem contra os sorotipos mais prevalentes.<\/p>\n<p>Ela tamb\u00e9m cita a coqueluche, infec\u00e7\u00e3o respirat\u00f3ria causada por bact\u00e9ria, que atinge principalmente os beb\u00eas e t\u00eam causado surtos em diversos locais. Em 2024, o Brasil registrou mais de 6.700 casos da doen\u00e7a, 31 vezes mais do que em 2023, e 28 mortes. A vacina Penta, aplicada nas crian\u00e7as, protege contra a coqueluche e tamb\u00e9m contra difteria, t\u00e9tano, hepatite B e infec\u00e7\u00f5es por\u00a0<em>Haemophilus influenzae B<\/em>, mas \u00e9 essencial que as mulheres gr\u00e1vidas recebam o imunizante dTpa em todas as gesta\u00e7\u00f5es, para que o beb\u00ea j\u00e1 nas\u00e7a com anticorpos.<\/p>\n<p>Isabela\u00a0lembra a covid-19: &#8220;A pandemia est\u00e1 numa situa\u00e7\u00e3o muit\u00edssimo melhor, mas a gente ainda tem muitos casos e muitas mortes. E o segundo grupo que mais morre de covid-19 no Brasil \u00e9 de crian\u00e7as menores de 1 ano que n\u00e3o est\u00e3o vacinadas&#8221;. Desde o ano passado, a vacina contra a covid-19 faz parte do calend\u00e1rio b\u00e1sico do SUS e todas as crian\u00e7as de 6 meses a menos de 5 anos devem receber duas\u00a0ou tr\u00eas\u00a0doses, dependendo do imunizante. Mas, de acordo com o painel de cobertura vacinal do Minist\u00e9rio da Sa\u00fade, s\u00f3 32,4% do p\u00fablico-alvo de at\u00e9 4 anos tomaram\u00a0pelo menos duas\u00a0doses.<\/p>\n<p>agenciabrasil.ebc<\/p>\n","protected":false},"excerpt":{"rendered":"<p>No retorno dos estudantes \u00e0s salas de aula \u00e9 importante que os respons\u00e1veis confiram se a carteira de vacina\u00e7\u00e3o est\u00e1 em dia. &#8220;Toda vez que voc\u00ea tiver um grupo grande de crian\u00e7as ou de adolescentes convivendo,\u00a0tem um aumento de risco de transmiss\u00e3o de doen\u00e7as. Ent\u00e3o, \u00e9 por isso que vacinar significa\u00a0se proteger daquela doen\u00e7a e &hellip;<\/p>\n","protected":false},"author":1,"featured_media":109646,"comment_status":"open","ping_status":"open","sticky":false,"template":"","format":"standard","meta":{"footnotes":""},"categories":[2],"tags":[],"class_list":["post-134420","post","type-post","status-publish","format-standard","has-post-thumbnail","hentry","category-saude"],"_links":{"self":[{"href":"https:\/\/iparaiba.com.br\/index.php\/wp-json\/wp\/v2\/posts\/134420","targetHints":{"allow":["GET"]}}],"collection":[{"href":"https:\/\/iparaiba.com.br\/index.php\/wp-json\/wp\/v2\/posts"}],"about":[{"href":"https:\/\/iparaiba.com.br\/index.php\/wp-json\/wp\/v2\/types\/post"}],"author":[{"embeddable":true,"href":"https:\/\/iparaiba.com.br\/index.php\/wp-json\/wp\/v2\/users\/1"}],"replies":[{"embeddable":true,"href":"https:\/\/iparaiba.com.br\/index.php\/wp-json\/wp\/v2\/comments?post=134420"}],"version-history":[{"count":1,"href":"https:\/\/iparaiba.com.br\/index.php\/wp-json\/wp\/v2\/posts\/134420\/revisions"}],"predecessor-version":[{"id":134445,"href":"https:\/\/iparaiba.com.br\/index.php\/wp-json\/wp\/v2\/posts\/134420\/revisions\/134445"}],"wp:featuredmedia":[{"embeddable":true,"href":"https:\/\/iparaiba.com.br\/index.php\/wp-json\/wp\/v2\/media\/109646"}],"wp:attachment":[{"href":"https:\/\/iparaiba.com.br\/index.php\/wp-json\/wp\/v2\/media?parent=134420"}],"wp:term":[{"taxonomy":"category","embeddable":true,"href":"https:\/\/iparaiba.com.br\/index.php\/wp-json\/wp\/v2\/categories?post=134420"},{"taxonomy":"post_tag","embeddable":true,"href":"https:\/\/iparaiba.com.br\/index.php\/wp-json\/wp\/v2\/tags?post=134420"}],"curies":[{"name":"wp","href":"https:\/\/api.w.org\/{rel}","templated":true}]}}