{"id":134418,"date":"2025-02-12T12:00:31","date_gmt":"2025-02-12T15:00:31","guid":{"rendered":"https:\/\/onordeste.com.br\/?p=134418"},"modified":"2025-02-12T12:00:31","modified_gmt":"2025-02-12T15:00:31","slug":"governo-dara-mais-6-meses-para-saque-de-dinheiro-esquecido-nos-bancos","status":"publish","type":"post","link":"https:\/\/iparaiba.com.br\/index.php\/2025\/02\/12\/governo-dara-mais-6-meses-para-saque-de-dinheiro-esquecido-nos-bancos\/","title":{"rendered":"Governo dar\u00e1 mais 6 meses para saque de dinheiro esquecido nos bancos"},"content":{"rendered":"<p>Pessoas f\u00edsicas e empresas que perderam o prazo para sacar os R$ 8,6 bilh\u00f5es de recursos esquecidos nas institui\u00e7\u00f5es financeiras<a href=\"https:\/\/agenciabrasil.ebc.com.br\/economia\/noticia\/2024-10\/clientes-de-bancos-tem-ate-quarta-feira-para-sacar-valores-esquecidos\" target=\"_blank\" rel=\"noopener\">\u00a0&#8211; encerrado nesta quarta-feira (16) &#8211;<\/a>\u00a0 ainda ter\u00e3o seis meses para reclamar os valores. As informa\u00e7\u00f5es para requerer o dinheiro estar\u00e3o em edital que ser\u00e1 publicado pelo Minist\u00e9rio da Fazenda.<img decoding=\"async\" src=\"https:\/\/agenciabrasil.ebc.com.br\/ebc.png?id=1615903&amp;o=node\" \/><img decoding=\"async\" src=\"https:\/\/agenciabrasil.ebc.com.br\/ebc.gif?id=1615903&amp;o=node\" \/><\/p>\n<p>O Sistema de Valores a Receber (SVR) \u00e9 um servi\u00e7o do Banco Central (BC), no qual \u00e9 poss\u00edvel consultar se empresas, mesmo aquelas que foram encerradas, e pessoas f\u00edsicas, inclusive falecidas, t\u00eam dinheiro esquecido em algum banco, cons\u00f3rcio ou outra institui\u00e7\u00e3o e, caso tenha, saber como solicitar o valor.\u00a0<a href=\"https:\/\/www.planalto.gov.br\/ccivil_03\/leis\/1950-1969\/l2313.htm\" target=\"_blank\" rel=\"noopener\">De acordo com a Lei 2.313 de 1954<\/a>, caso os recursos n\u00e3o sejam requeridos no prazo de 25 anos, poder\u00e3o ser incorporados \u00e0 Uni\u00e3o.<\/p>\n<p>O governo destaca que isso n\u00e3o representa um confisco. No caso dos valores informados atualmente no SVR do Banco Central, os recursos n\u00e3o sacados ser\u00e3o transferidos para a conta \u00fanica do\u00a0<a href=\"https:\/\/agenciabrasil.ebc.com.br\/economia\/noticia\/2024-09\/camara-aprova-texto-base-que-estende-desoneracao-da-folha-de-pagamento\" target=\"_blank\" rel=\"noopener\">Tesouro Nacional<\/a>\u00a0para atender \u00e0 lei que compensa a prorroga\u00e7\u00e3o da desonera\u00e7\u00e3o da folha de pagamento de 17 setores da economia e de 156 munic\u00edpios, aprovada em setembro pelo Congresso Nacional.<br \/>\nagenciabrasil.ebc<\/p>\n","protected":false},"excerpt":{"rendered":"<p>Pessoas f\u00edsicas e empresas que perderam o prazo para sacar os R$ 8,6 bilh\u00f5es de recursos esquecidos nas institui\u00e7\u00f5es financeiras\u00a0&#8211; encerrado nesta quarta-feira (16) &#8211;\u00a0 ainda ter\u00e3o seis meses para reclamar os valores. As informa\u00e7\u00f5es para requerer o dinheiro estar\u00e3o em edital que ser\u00e1 publicado pelo Minist\u00e9rio da Fazenda. O Sistema de Valores a Receber &hellip;<\/p>\n","protected":false},"author":1,"featured_media":101566,"comment_status":"open","ping_status":"open","sticky":false,"template":"","format":"standard","meta":{"footnotes":""},"categories":[10],"tags":[],"class_list":["post-134418","post","type-post","status-publish","format-standard","has-post-thumbnail","hentry","category-manchetes"],"_links":{"self":[{"href":"https:\/\/iparaiba.com.br\/index.php\/wp-json\/wp\/v2\/posts\/134418","targetHints":{"allow":["GET"]}}],"collection":[{"href":"https:\/\/iparaiba.com.br\/index.php\/wp-json\/wp\/v2\/posts"}],"about":[{"href":"https:\/\/iparaiba.com.br\/index.php\/wp-json\/wp\/v2\/types\/post"}],"author":[{"embeddable":true,"href":"https:\/\/iparaiba.com.br\/index.php\/wp-json\/wp\/v2\/users\/1"}],"replies":[{"embeddable":true,"href":"https:\/\/iparaiba.com.br\/index.php\/wp-json\/wp\/v2\/comments?post=134418"}],"version-history":[{"count":1,"href":"https:\/\/iparaiba.com.br\/index.php\/wp-json\/wp\/v2\/posts\/134418\/revisions"}],"predecessor-version":[{"id":134444,"href":"https:\/\/iparaiba.com.br\/index.php\/wp-json\/wp\/v2\/posts\/134418\/revisions\/134444"}],"wp:featuredmedia":[{"embeddable":true,"href":"https:\/\/iparaiba.com.br\/index.php\/wp-json\/wp\/v2\/media\/101566"}],"wp:attachment":[{"href":"https:\/\/iparaiba.com.br\/index.php\/wp-json\/wp\/v2\/media?parent=134418"}],"wp:term":[{"taxonomy":"category","embeddable":true,"href":"https:\/\/iparaiba.com.br\/index.php\/wp-json\/wp\/v2\/categories?post=134418"},{"taxonomy":"post_tag","embeddable":true,"href":"https:\/\/iparaiba.com.br\/index.php\/wp-json\/wp\/v2\/tags?post=134418"}],"curies":[{"name":"wp","href":"https:\/\/api.w.org\/{rel}","templated":true}]}}