{"id":134416,"date":"2025-02-12T10:00:16","date_gmt":"2025-02-12T13:00:16","guid":{"rendered":"https:\/\/onordeste.com.br\/?p=134416"},"modified":"2025-02-12T10:00:16","modified_gmt":"2025-02-12T13:00:16","slug":"inscricoes-para-concurso-do-mpu-estao-abertas","status":"publish","type":"post","link":"https:\/\/iparaiba.com.br\/index.php\/2025\/02\/12\/inscricoes-para-concurso-do-mpu-estao-abertas\/","title":{"rendered":"Inscri\u00e7\u00f5es para concurso do MPU est\u00e3o abertas"},"content":{"rendered":"<p>As inscri\u00e7\u00f5es para o concurso p\u00fablico do Minist\u00e9rio P\u00fablico da Uni\u00e3o (MPU) est\u00e3o abertas at\u00e9 as 16h de 27 de fevereiro, no hor\u00e1rio de Bras\u00edlia.<img decoding=\"async\" src=\"https:\/\/agenciabrasil.ebc.com.br\/ebc.png?id=1629559&amp;o=node\" \/><img decoding=\"async\" src=\"https:\/\/agenciabrasil.ebc.com.br\/ebc.gif?id=1629559&amp;o=node\" \/><\/p>\n<p>Ao todo, s\u00e3o 172 vagas para os cargos de t\u00e9cnico e analista, observado o prazo de validade de 2 anos do certame.<\/p>\n<p>A remunera\u00e7\u00e3o inicial para o cargo de t\u00e9cnico \u00e9 R$ 8.529,65 e a de analista, R$ 13.994,78. A jornada de trabalho \u00e9 de 40 horas semanais para ambos os cargos.<\/p>\n<p>Do total de vagas, 10% ser\u00e3o reservadas para candidatos ind\u00edgenas, quilombolas, ciganos e de povos\/comunidades tradicionais. E para os candidatos autodeclarados negros (pretos e pardos) ser\u00e3o reservadas 20% das vagas do processo seletivo.<\/p>\n<p>A Funda\u00e7\u00e3o Getulio Vargas (FGV) ser\u00e1 a banca organizadora do certame.<\/p>\n<h2>Inscri\u00e7\u00f5es<\/h2>\n<p>Para fazer a inscri\u00e7\u00e3o, o interessado dever\u00e1 acessar o\u00a0<a href=\"https:\/\/conhecimento.fgv.br\/concursos\/mpu2025\" target=\"_blank\" rel=\"noopener\">endere\u00e7o eletr\u00f4nico da FGV<\/a>.<\/p>\n<p>A taxa de inscri\u00e7\u00e3o para o cargo de analista \u00e9 de R$ 120 e de t\u00e9cnico \u00e9 de R$ 95.<\/p>\n<p>Os interessados devem preencher o requerimento de inscri\u00e7\u00e3o com o n\u00famero de Cadastro de Pessoa F\u00edsica (CPF), em seguida selecionar a unidade da federa\u00e7\u00e3o onde deseja concorrer \u00e0 vaga e onde, necessariamente, tamb\u00e9m ser\u00e1 aplicada a prova na capital ou no Distrito Federal.<\/p>\n<p>A Guia de Recolhimento da Uni\u00e3o (GRU) relativa \u00e0 taxa de inscri\u00e7\u00e3o ser\u00e1 gerada automaticamente ap\u00f3s o envio do requerimento de inscri\u00e7\u00e3o. E dever\u00e1 ser paga em qualquer banco ou por meio eletr\u00f4nico at\u00e9 28 de fevereiro.<\/p>\n<p>Somente podem pedir a isen\u00e7\u00e3o da taxa de inscri\u00e7\u00e3o os candidatos inscritos no Cadastro \u00danico para Programas Sociais do governo federal (Cad\u00danico), e os doadores de medula \u00f3ssea, com a apresenta\u00e7\u00e3o do cart\u00e3o de doador volunt\u00e1rio de medula \u00f3ssea (Redome).<\/p>\n<p>O candidato que tiver seu pedido de isen\u00e7\u00e3o indeferido, precisa fazer o pagamento da taxa de inscri\u00e7\u00e3o no prazo estabelecido em edital para confirmar a participa\u00e7\u00e3o no concurso.<\/p>\n<h2>Provas<\/h2>\n<p>As provas objetiva e discursiva para todos os cargos de analista e t\u00e9cnico ser\u00e3o realizadas em 4 de maio. Os candidatos \u00e0s vagas de analista far\u00e3o as provas de 8h \u00e0s 12h30, de acordo com o hor\u00e1rio oficial de Bras\u00edlia. Para os cargos\/especialidades de t\u00e9cnico, os candidatos far\u00e3o as provas de 15h \u00e0s 19h30.<\/p>\n<p>Os procedimentos de identifica\u00e7\u00e3o da etnia\/ra\u00e7a de candidato que disputa uma vaga das cotas raciais, realizado pelas bancas de heteroidentifica\u00e7\u00e3o, e as per\u00edcias m\u00e9dicas para comprovar a condi\u00e7\u00e3o de candidatos com defici\u00eancia, ser\u00e3o feitas na mesma cidade de aplica\u00e7\u00e3o das provas objetiva e discursiva.<\/p>\n<p>Os locais das provas objetiva e discursiva ser\u00e3o divulgados no\u00a0<a href=\"https:\/\/conhecimento.fgv.br\/concursos\/mpu2025\" target=\"_blank\" rel=\"noopener\">site da FGV<\/a>.<br \/>\nagenciabrasil.ebc<\/p>\n","protected":false},"excerpt":{"rendered":"<p>As inscri\u00e7\u00f5es para o concurso p\u00fablico do Minist\u00e9rio P\u00fablico da Uni\u00e3o (MPU) est\u00e3o abertas at\u00e9 as 16h de 27 de fevereiro, no hor\u00e1rio de Bras\u00edlia. Ao todo, s\u00e3o 172 vagas para os cargos de t\u00e9cnico e analista, observado o prazo de validade de 2 anos do certame. A remunera\u00e7\u00e3o inicial para o cargo de t\u00e9cnico &hellip;<\/p>\n","protected":false},"author":1,"featured_media":97627,"comment_status":"open","ping_status":"open","sticky":false,"template":"","format":"standard","meta":{"footnotes":""},"categories":[11],"tags":[],"class_list":["post-134416","post","type-post","status-publish","format-standard","has-post-thumbnail","hentry","category-educacao"],"_links":{"self":[{"href":"https:\/\/iparaiba.com.br\/index.php\/wp-json\/wp\/v2\/posts\/134416","targetHints":{"allow":["GET"]}}],"collection":[{"href":"https:\/\/iparaiba.com.br\/index.php\/wp-json\/wp\/v2\/posts"}],"about":[{"href":"https:\/\/iparaiba.com.br\/index.php\/wp-json\/wp\/v2\/types\/post"}],"author":[{"embeddable":true,"href":"https:\/\/iparaiba.com.br\/index.php\/wp-json\/wp\/v2\/users\/1"}],"replies":[{"embeddable":true,"href":"https:\/\/iparaiba.com.br\/index.php\/wp-json\/wp\/v2\/comments?post=134416"}],"version-history":[{"count":1,"href":"https:\/\/iparaiba.com.br\/index.php\/wp-json\/wp\/v2\/posts\/134416\/revisions"}],"predecessor-version":[{"id":134443,"href":"https:\/\/iparaiba.com.br\/index.php\/wp-json\/wp\/v2\/posts\/134416\/revisions\/134443"}],"wp:featuredmedia":[{"embeddable":true,"href":"https:\/\/iparaiba.com.br\/index.php\/wp-json\/wp\/v2\/media\/97627"}],"wp:attachment":[{"href":"https:\/\/iparaiba.com.br\/index.php\/wp-json\/wp\/v2\/media?parent=134416"}],"wp:term":[{"taxonomy":"category","embeddable":true,"href":"https:\/\/iparaiba.com.br\/index.php\/wp-json\/wp\/v2\/categories?post=134416"},{"taxonomy":"post_tag","embeddable":true,"href":"https:\/\/iparaiba.com.br\/index.php\/wp-json\/wp\/v2\/tags?post=134416"}],"curies":[{"name":"wp","href":"https:\/\/api.w.org\/{rel}","templated":true}]}}