{"id":134415,"date":"2025-02-12T08:25:07","date_gmt":"2025-02-12T11:25:07","guid":{"rendered":"https:\/\/onordeste.com.br\/?p=134414"},"modified":"2025-02-12T08:25:07","modified_gmt":"2025-02-12T11:25:07","slug":"observatorio-vai-monitorar-violencia-contra-jornalistas","status":"publish","type":"post","link":"https:\/\/iparaiba.com.br\/index.php\/2025\/02\/12\/observatorio-vai-monitorar-violencia-contra-jornalistas\/","title":{"rendered":"Observat\u00f3rio vai monitorar viol\u00eancia contra jornalistas"},"content":{"rendered":"<p>O jornalismo ganhou uma ferramenta que, caso atinja seus objetivos, resultar\u00e1 em garantias para o bom exerc\u00edcio da profiss\u00e3o, em especial nas situa\u00e7\u00f5es de viol\u00eancia contra aqueles que cumprem seu papel de informar.<img decoding=\"async\" src=\"https:\/\/agenciabrasil.ebc.com.br\/ebc.png?id=1629611&amp;o=node\" \/><img decoding=\"async\" src=\"https:\/\/agenciabrasil.ebc.com.br\/ebc.gif?id=1629611&amp;o=node\" \/><\/p>\n<p>Al\u00e9m de monitorar e criar um banco de dados de ocorr\u00eancias desse tipo, o Observat\u00f3rio da Viol\u00eancia Contra Jornalistas servir\u00e1 tamb\u00e9m de canal de di\u00e1logo entre profissionais da \u00e1rea e o Estado, visando, inclusive, a elabora\u00e7\u00e3o de pol\u00edticas p\u00fablicas espec\u00edficas e apoio a investiga\u00e7\u00f5es.<\/p>\n<p>As diretrizes, composi\u00e7\u00e3o, organiza\u00e7\u00e3o e funcionamento do observat\u00f3rio est\u00e3o previstas na\u00a0<a href=\"https:\/\/www.gov.br\/mj\/pt-br\/assuntos\/secretaria-nacional-de-justica-senajus\/portaria-observatorio-dos-jornalistas.pdf\" target=\"_blank\" rel=\"noopener\">Portaria n\u00ba 116\/2025<\/a>, publicada esta semana pelo Minist\u00e9rio da Justi\u00e7a e Seguran\u00e7a P\u00fablica, no\u00a0<em>Di\u00e1rio Oficial da Uni\u00e3o<\/em>.<\/p>\n<p>De acordo com a Secretaria Nacional de Justi\u00e7a (Senajus), \u00f3rg\u00e3o do MJ ao qual o observat\u00f3rio est\u00e1 vinculado, ele ter\u00e1, entre seus objetivos, monitorar ocorr\u00eancias, sugerir pol\u00edticas p\u00fablicas, apoiar investiga\u00e7\u00f5es e criar um banco de dados com indicadores sobre os casos.<\/p>\n<p>O observat\u00f3rio ser\u00e1 composto por representantes de diversas secretarias da pasta, bem como por 15 membros da sociedade civil com atua\u00e7\u00e3o comprovada na defesa da liberdade de imprensa e no combate \u00e0 viol\u00eancia contra comunicadores.<br \/>\nagenciabrasil.ebc<\/p>\n","protected":false},"excerpt":{"rendered":"<p>O jornalismo ganhou uma ferramenta que, caso atinja seus objetivos, resultar\u00e1 em garantias para o bom exerc\u00edcio da profiss\u00e3o, em especial nas situa\u00e7\u00f5es de viol\u00eancia contra aqueles que cumprem seu papel de informar. Al\u00e9m de monitorar e criar um banco de dados de ocorr\u00eancias desse tipo, o Observat\u00f3rio da Viol\u00eancia Contra Jornalistas servir\u00e1 tamb\u00e9m de &hellip;<\/p>\n","protected":false},"author":1,"featured_media":118751,"comment_status":"open","ping_status":"open","sticky":false,"template":"","format":"standard","meta":{"footnotes":""},"categories":[18],"tags":[],"class_list":["post-134415","post","type-post","status-publish","format-standard","has-post-thumbnail","hentry","category-brasil"],"_links":{"self":[{"href":"https:\/\/iparaiba.com.br\/index.php\/wp-json\/wp\/v2\/posts\/134415","targetHints":{"allow":["GET"]}}],"collection":[{"href":"https:\/\/iparaiba.com.br\/index.php\/wp-json\/wp\/v2\/posts"}],"about":[{"href":"https:\/\/iparaiba.com.br\/index.php\/wp-json\/wp\/v2\/types\/post"}],"author":[{"embeddable":true,"href":"https:\/\/iparaiba.com.br\/index.php\/wp-json\/wp\/v2\/users\/1"}],"replies":[{"embeddable":true,"href":"https:\/\/iparaiba.com.br\/index.php\/wp-json\/wp\/v2\/comments?post=134415"}],"version-history":[{"count":1,"href":"https:\/\/iparaiba.com.br\/index.php\/wp-json\/wp\/v2\/posts\/134415\/revisions"}],"predecessor-version":[{"id":134442,"href":"https:\/\/iparaiba.com.br\/index.php\/wp-json\/wp\/v2\/posts\/134415\/revisions\/134442"}],"wp:featuredmedia":[{"embeddable":true,"href":"https:\/\/iparaiba.com.br\/index.php\/wp-json\/wp\/v2\/media\/118751"}],"wp:attachment":[{"href":"https:\/\/iparaiba.com.br\/index.php\/wp-json\/wp\/v2\/media?parent=134415"}],"wp:term":[{"taxonomy":"category","embeddable":true,"href":"https:\/\/iparaiba.com.br\/index.php\/wp-json\/wp\/v2\/categories?post=134415"},{"taxonomy":"post_tag","embeddable":true,"href":"https:\/\/iparaiba.com.br\/index.php\/wp-json\/wp\/v2\/tags?post=134415"}],"curies":[{"name":"wp","href":"https:\/\/api.w.org\/{rel}","templated":true}]}}