{"id":134412,"date":"2025-02-11T16:00:27","date_gmt":"2025-02-11T19:00:27","guid":{"rendered":"https:\/\/onordeste.com.br\/?p=134408"},"modified":"2025-02-11T16:00:27","modified_gmt":"2025-02-11T19:00:27","slug":"camara-define-nomes-que-irao-compor-as-comissoes-permanentes","status":"publish","type":"post","link":"https:\/\/iparaiba.com.br\/index.php\/2025\/02\/11\/camara-define-nomes-que-irao-compor-as-comissoes-permanentes\/","title":{"rendered":"C\u00e2mara define nomes que ir\u00e3o compor as comiss\u00f5es permanentes"},"content":{"rendered":"<p>Os vereadores da C\u00e2mara Municipal de Campina Grande escolheram na manh\u00e3 desta quarta (05), a composi\u00e7\u00e3o das 13 comiss\u00f5es permanentes do Legislativo. Os parlamentares definiram quem ser\u00e3o os presidentes, secret\u00e1rios e membros.<\/p>\n<p>As comiss\u00f5es permanentes t\u00eam por objetivo a an\u00e1lise t\u00e9cnica dos projetos apresentados antes de serem apreciados no plen\u00e1rio. Elas s\u00e3o divididas por campo tem\u00e1tico e recebem os projetos espec\u00edficos das suas \u00e1reas de atua\u00e7\u00e3o.<\/p>\n<p>Veja como ficou a composi\u00e7\u00e3o de cada comiss\u00e3o, de acordo com a Resolu\u00e7\u00e3o n\u00ba 05\/2025:<\/p>\n<p><strong>1 \u2013 Comiss\u00e3o Permanente de Constitui\u00e7\u00e3o, Justi\u00e7a e Reda\u00e7\u00e3o:<\/strong><\/p>\n<p>Presidente: P\u00e2mela Vital (MDB)<br \/>\nSecret\u00e1rio: Saulo Noronha (MDB)<br \/>\nMembro: M\u00e1rcio Guedes (PSB)<\/p>\n<p><strong>2 \u2013 Comiss\u00e3o Permanente de Finan\u00e7as, Or\u00e7amento, Fiscaliza\u00e7\u00e3o<\/strong>\u00a0Financeira e Controle<\/p>\n<p>Presidente: Pr. Luciano Breno (AVANTE)<br \/>\nSecret\u00e1rio: Rafaf\u00e1 (UNI\u00c3O BRASIL)<br \/>\nMembro: Aninha Cardoso (REPUBLICANOS)<\/p>\n<p><strong>3 \u2013 Comiss\u00e3o Permanente de Educa\u00e7\u00e3o, Esporte e Turismo<\/strong><\/p>\n<p>Presidente: Fabiana Gomes (UNI\u00c3O BRASIL)<br \/>\nSecret\u00e1rio: Val\u00e9ria Arag\u00e3o (REPLUBICANOS)<br \/>\nMembro: Rostand Para\u00edba (PP)<\/p>\n<p><strong>4 \u2013 Comiss\u00e3o Permanente de Sa\u00fade e Bem estar social<\/strong><\/p>\n<p>Presidente: Carol Gomes (UNI\u00c3O BRASIL)<br \/>\nSecret\u00e1rio: Alexandre do Sindicato (UNI\u00c3O BRASIL)<br \/>\nMembro: Waleria Assun\u00e7\u00e3o (PSB)<\/p>\n<p><strong>5 \u2013 Comiss\u00e3o Permanente de Obras, Planejamento, Infraestrutura e Habita\u00e7\u00e3o<\/strong><\/p>\n<p>Presidente: Sargento Wellington Cobra (PSB)<br \/>\nSecret\u00e1rio: Severino da Presta\u00e7\u00e3o (MDB)<br \/>\nMembro: Olimpio Oliveira (PODE)<\/p>\n<p><strong>6 \u2013 Comiss\u00e3o Permanente de Direitos humanos, Defesa do consumidor, do Contribuinte e do Servidor P\u00fablico<\/strong><\/p>\n<p>Presidente: Sargento Wellington Cobra (PSB)<br \/>\nSecret\u00e1rio: Frank Alves (PODE)<br \/>\nMembro: Pr. Luciano Breno (AVANTE)<\/p>\n<p><strong>7 \u2013 Comiss\u00e3o Permanente de Meio Ambiente e Recursos H\u00eddricos, Conviv\u00eancia e Sustentabilidade do Semi\u00e1rido<\/strong><\/p>\n<p>Presidente: J\u00f4 Oliveira (PCdoB)<br \/>\nSecret\u00e1rio: Waleria Assun\u00e7\u00e3o (PSB)<br \/>\nMembro: Olimpio Oliveira (PODE)<\/p>\n<p><strong>8 \u2013 Comiss\u00e3o Permanente de Defesa dos Direitos da Mulher, do Idoso, da Crian\u00e7a e do Adolescente<\/strong><\/p>\n<p>Presidente: J\u00f4 Oliveira (PCdoB)<br \/>\nSecret\u00e1rio: Fabiana Gomes (UNI\u00c3O BRASIL)<br \/>\nMembro: Carol Gomes (UNI\u00c3O BRASIL)<\/p>\n<p><strong>9 \u2013 Comiss\u00e3o Permanente de Seguran\u00e7a P\u00fablica, Defesa Social e Preven\u00e7\u00e3o das Drogas<\/strong><\/p>\n<p>Presidente: Dinho Papa-L\u00e9guas (PSDB)<br \/>\nSecret\u00e1rio: Sargento Wellington Cobra (PSB)<br \/>\nMembro: Olimpio Oliveira (MDB)<\/p>\n<p><strong>10 \u2013 Comiss\u00e3o Permanente de Transporte e Mobilidade Urbana<\/strong><\/p>\n<p>Presidente: Dinho Papa-L\u00e9guas (PSDB)<br \/>\nSecret\u00e1rio: Pimentel Filho (PSB)<br \/>\nMembro: Tertuliano Maracaj\u00e1 (REPUBLICANOS)<\/p>\n<p><strong>11 \u2013 Comiss\u00e3o Permanente de Agricultura e Pecu\u00e1ria<\/strong><\/p>\n<p>Presidente: Ivonete Ludg\u00e9rio (UNI\u00c3O BRASIL)<br \/>\nSecret\u00e1rio: Pimentel Filho (PSB)<br \/>\nMembro: Saulo Noronha (MDB)<\/p>\n<p><strong>12 \u2013 Comiss\u00e3o Permanente de Desenvolvimento Econ\u00f4mico, Ind\u00fastria e Com\u00e9rcio<\/strong><\/p>\n<p>Presidente: Severino da Presta\u00e7\u00e3o (MDB)<br \/>\nSecret\u00e1rio: M\u00e1rcio Guedes (PSB)<br \/>\nMembro: Severino da Presta\u00e7\u00e3o (MDB)<\/p>\n<p><strong>13 \u2013 Comiss\u00e3o Permanente de Ci\u00eancia, Tecnologia, Inova\u00e7\u00e3o, Comunica\u00e7\u00e3o e Inform\u00e1tica<\/strong><\/p>\n<p>Presidente: Pr. Luciano Breno (AVANTE)<br \/>\nSecret\u00e1rio: Anderson Pila (PSB)<br \/>\nMembro: J\u00f4 Oliveira (PCdoB)<\/p>\n<p>&nbsp;<\/p>\n","protected":false},"excerpt":{"rendered":"<p>Os vereadores da C\u00e2mara Municipal de Campina Grande escolheram na manh\u00e3 desta quarta (05), a composi\u00e7\u00e3o das 13 comiss\u00f5es permanentes do Legislativo. Os parlamentares definiram quem ser\u00e3o os presidentes, secret\u00e1rios e membros. As comiss\u00f5es permanentes t\u00eam por objetivo a an\u00e1lise t\u00e9cnica dos projetos apresentados antes de serem apreciados no plen\u00e1rio. Elas s\u00e3o divididas por campo &hellip;<\/p>\n","protected":false},"author":1,"featured_media":97546,"comment_status":"open","ping_status":"open","sticky":false,"template":"","format":"standard","meta":{"footnotes":""},"categories":[8],"tags":[],"class_list":["post-134412","post","type-post","status-publish","format-standard","has-post-thumbnail","hentry","category-politica"],"_links":{"self":[{"href":"https:\/\/iparaiba.com.br\/index.php\/wp-json\/wp\/v2\/posts\/134412","targetHints":{"allow":["GET"]}}],"collection":[{"href":"https:\/\/iparaiba.com.br\/index.php\/wp-json\/wp\/v2\/posts"}],"about":[{"href":"https:\/\/iparaiba.com.br\/index.php\/wp-json\/wp\/v2\/types\/post"}],"author":[{"embeddable":true,"href":"https:\/\/iparaiba.com.br\/index.php\/wp-json\/wp\/v2\/users\/1"}],"replies":[{"embeddable":true,"href":"https:\/\/iparaiba.com.br\/index.php\/wp-json\/wp\/v2\/comments?post=134412"}],"version-history":[{"count":1,"href":"https:\/\/iparaiba.com.br\/index.php\/wp-json\/wp\/v2\/posts\/134412\/revisions"}],"predecessor-version":[{"id":134439,"href":"https:\/\/iparaiba.com.br\/index.php\/wp-json\/wp\/v2\/posts\/134412\/revisions\/134439"}],"wp:featuredmedia":[{"embeddable":true,"href":"https:\/\/iparaiba.com.br\/index.php\/wp-json\/wp\/v2\/media\/97546"}],"wp:attachment":[{"href":"https:\/\/iparaiba.com.br\/index.php\/wp-json\/wp\/v2\/media?parent=134412"}],"wp:term":[{"taxonomy":"category","embeddable":true,"href":"https:\/\/iparaiba.com.br\/index.php\/wp-json\/wp\/v2\/categories?post=134412"},{"taxonomy":"post_tag","embeddable":true,"href":"https:\/\/iparaiba.com.br\/index.php\/wp-json\/wp\/v2\/tags?post=134412"}],"curies":[{"name":"wp","href":"https:\/\/api.w.org\/{rel}","templated":true}]}}