{"id":134411,"date":"2025-02-11T14:05:44","date_gmt":"2025-02-11T17:05:44","guid":{"rendered":"https:\/\/onordeste.com.br\/?p=134406"},"modified":"2025-02-11T14:05:44","modified_gmt":"2025-02-11T17:05:44","slug":"prefeitura-traca-plano-emergencial-para-evitar-transtorno-com-as-chuvas","status":"publish","type":"post","link":"https:\/\/iparaiba.com.br\/index.php\/2025\/02\/11\/prefeitura-traca-plano-emergencial-para-evitar-transtorno-com-as-chuvas\/","title":{"rendered":"Prefeitura tra\u00e7a plano emergencial para evitar transtorno com as chuvas"},"content":{"rendered":"<p>A Prefeitura de Bayeux, atrav\u00e9s da Secretaria Municipal de Infraestrutura, iniciou um plano emergencial para minimizar poss\u00edveis transtornos com as chuvas, que v\u00eam ocorrendo no munic\u00edpio. As secretarias de Infraestrutura, A\u00e7\u00e3o Social e Defesa Civil est\u00e3o de prontid\u00e3o em caso de emerg\u00eancia.<\/p>\n<p>\u201cDesde as primeiras horas desta segunda que mantenho contato para que possamos agir r\u00e1pido e evitar que os bayeuxenses passem por transtornos em decorr\u00eancia das chuvas. Estamos na \u00e9poca chuvosa, mas a Prefeitura segue atenta para agir r\u00e1pido em caso de necessidade\u201d, frisou Tacyana Leit\u00e3o, prefeita de Bayeux.<\/p>\n<p>O secret\u00e1rio de Infraestrutura, Jefferson Kita, informou que as equipes da pasta est\u00e3o nas ruas desde \u00e0s primeiras horas desta segunda fazendo um trabalho preventivo e reparos em alguns bairros de Bayeux.<\/p>\n<p>\u201cO per\u00edodo chuvoso traz consigo transtornos como alagamentos de vias por conta do grande volume de \u00e1gua, que se precipita em pouco tempo e n\u00e3o escoa adequadamente. Por\u00e9m, come\u00e7amos desde logo cedo para desobstruir galerias e esgotamento de vias. As m\u00e1quinas e nossos servidores da infraestrutura em parceria com a Defesa Civil est\u00e3o nas ruas de Bayeux fazendo um trabalho em benef\u00edcio da popula\u00e7\u00e3o\u201d, avisou Jefferson Kita.<\/p>\n<p>J\u00e1 a secret\u00e1ria de Trabalho e A\u00e7\u00e3o Social, Ivoneide Ara\u00fajo, informou que a secretaria n\u00e3o recebeu nenhum contato sobre desabrigados ou desalojados em virtude das chuvas, mas adiantou que os profissionais est\u00e3o monitorando as \u00e1reas de riscos em caso de urg\u00eancia.<\/p>\n<p>\u201cEstamos a postos para viabilizar todas as pol\u00edticas p\u00fablicas de assist\u00eancia social em caso de eventuais necessidades. A orienta\u00e7\u00e3o da prefeita \u00e9 dar amparar quem nos procura\u201d, explicou a secret\u00e1ria.<\/p>\n","protected":false},"excerpt":{"rendered":"<p>A Prefeitura de Bayeux, atrav\u00e9s da Secretaria Municipal de Infraestrutura, iniciou um plano emergencial para minimizar poss\u00edveis transtornos com as chuvas, que v\u00eam ocorrendo no munic\u00edpio. As secretarias de Infraestrutura, A\u00e7\u00e3o Social e Defesa Civil est\u00e3o de prontid\u00e3o em caso de emerg\u00eancia. \u201cDesde as primeiras horas desta segunda que mantenho contato para que possamos agir &hellip;<\/p>\n","protected":false},"author":1,"featured_media":101629,"comment_status":"open","ping_status":"open","sticky":false,"template":"","format":"standard","meta":{"footnotes":""},"categories":[3],"tags":[],"class_list":["post-134411","post","type-post","status-publish","format-standard","has-post-thumbnail","hentry","category-nordeste"],"_links":{"self":[{"href":"https:\/\/iparaiba.com.br\/index.php\/wp-json\/wp\/v2\/posts\/134411","targetHints":{"allow":["GET"]}}],"collection":[{"href":"https:\/\/iparaiba.com.br\/index.php\/wp-json\/wp\/v2\/posts"}],"about":[{"href":"https:\/\/iparaiba.com.br\/index.php\/wp-json\/wp\/v2\/types\/post"}],"author":[{"embeddable":true,"href":"https:\/\/iparaiba.com.br\/index.php\/wp-json\/wp\/v2\/users\/1"}],"replies":[{"embeddable":true,"href":"https:\/\/iparaiba.com.br\/index.php\/wp-json\/wp\/v2\/comments?post=134411"}],"version-history":[{"count":1,"href":"https:\/\/iparaiba.com.br\/index.php\/wp-json\/wp\/v2\/posts\/134411\/revisions"}],"predecessor-version":[{"id":134438,"href":"https:\/\/iparaiba.com.br\/index.php\/wp-json\/wp\/v2\/posts\/134411\/revisions\/134438"}],"wp:featuredmedia":[{"embeddable":true,"href":"https:\/\/iparaiba.com.br\/index.php\/wp-json\/wp\/v2\/media\/101629"}],"wp:attachment":[{"href":"https:\/\/iparaiba.com.br\/index.php\/wp-json\/wp\/v2\/media?parent=134411"}],"wp:term":[{"taxonomy":"category","embeddable":true,"href":"https:\/\/iparaiba.com.br\/index.php\/wp-json\/wp\/v2\/categories?post=134411"},{"taxonomy":"post_tag","embeddable":true,"href":"https:\/\/iparaiba.com.br\/index.php\/wp-json\/wp\/v2\/tags?post=134411"}],"curies":[{"name":"wp","href":"https:\/\/api.w.org\/{rel}","templated":true}]}}