{"id":134410,"date":"2025-02-11T12:00:53","date_gmt":"2025-02-11T15:00:53","guid":{"rendered":"https:\/\/onordeste.com.br\/?p=134404"},"modified":"2025-02-11T12:00:53","modified_gmt":"2025-02-11T15:00:53","slug":"presidente-do-pt-rebate-motta-e-afirma-que-atos-foram-tentativa-de-golpe","status":"publish","type":"post","link":"https:\/\/iparaiba.com.br\/index.php\/2025\/02\/11\/presidente-do-pt-rebate-motta-e-afirma-que-atos-foram-tentativa-de-golpe\/","title":{"rendered":"Presidente do PT rebate Motta e afirma que atos foram tentativa de golpe"},"content":{"rendered":"<p style=\"font-weight: 400;\">Em entrevista\u00a0 \u00e0 imprensa paraibana o presidente estadual do PT paraibano, Jackson Macedo, rebateu as declara\u00e7\u00f5es dadas h\u00e1 pouco do presidente da C\u00e2mara dos Deputados, Hugo Motta (Republicanos), onde afirmou que os eventos de 8 de janeiro, quando extremistas invadiram e depredaram o Congresso Nacional e o STF, n\u00e3o devem ser classificados como um golpe. \u201cFoi golpe, e j\u00e1 est\u00e1 provado pela PF\u201d, disse Jackson.<\/p>\n<p style=\"font-weight: 400;\">Mais cedo, em entrevista \u00e0 Arapuan FM, Motta disse que, para que haja um golpe, s\u00e3o necess\u00e1rios um l\u00edder e o apoio de outras institui\u00e7\u00f5es, o que n\u00e3o ocorreu, segundo ele, nos ataques daquele dia.\u00a0 \u201cO que aconteceu n\u00e3o pode se repetir. Foi uma agress\u00e3o \u00e0s institui\u00e7\u00f5es, algo inimagin\u00e1vel. Acho que ningu\u00e9m esperava que aquilo pudesse ocorrer. Agora, querer chamar de golpe \u00e9 exagero. Um golpe precisa de um l\u00edder, de algu\u00e9m que o estimule, al\u00e9m do apoio de outras institui\u00e7\u00f5es, como as For\u00e7as Armadas. E isso n\u00e3o aconteceu,\u201d afirmou Motta.<\/p>\n<p style=\"font-weight: 400;\">M\u00e2cedo discordou democraticamente de Motta: \u201cFoi golpe, e j\u00e1 est\u00e1 provado pela PF que o golpe foi orquestrado dentro de ambientes militares e do governo Bolsonaro. V\u00e1rias provas, grava\u00e7\u00f5es e dela\u00e7\u00f5es j\u00e1 comprovam isso. A engenharia tinha v\u00e1rias previs\u00f5es: movimento de rua que aconteceu no 8\/jan, sequestro e morte de lideran\u00e7as pol\u00edticas e do judici\u00e1rio e golpe militar em seguida com anula\u00e7\u00e3o das elei\u00e7\u00f5es\u201d, comentou o presidente estadual do PT.<\/p>\n<p style=\"font-weight: 400;\">Questionado se avalia se as penas sobre os acusados est\u00e3o sendo muito duras, o petista paraibano respondeu: \u201cSobre as \u2018revis\u00f5es\u2019 n\u00e3o pode ser uma quest\u00e3o tratada no \u00e2mbito do congresso. N\u00e3o passa por ele. Os casos est\u00e3o sendo analisados individualmente com penas espec\u00edficas pelo STF\u201d, finalizou.<br \/>\nPara\u00edba Informada<\/p>\n","protected":false},"excerpt":{"rendered":"<p>Em entrevista\u00a0 \u00e0 imprensa paraibana o presidente estadual do PT paraibano, Jackson Macedo, rebateu as declara\u00e7\u00f5es dadas h\u00e1 pouco do presidente da C\u00e2mara dos Deputados, Hugo Motta (Republicanos), onde afirmou que os eventos de 8 de janeiro, quando extremistas invadiram e depredaram o Congresso Nacional e o STF, n\u00e3o devem ser classificados como um golpe. &hellip;<\/p>\n","protected":false},"author":1,"featured_media":134170,"comment_status":"open","ping_status":"open","sticky":false,"template":"","format":"standard","meta":{"footnotes":""},"categories":[8],"tags":[],"class_list":["post-134410","post","type-post","status-publish","format-standard","has-post-thumbnail","hentry","category-politica"],"_links":{"self":[{"href":"https:\/\/iparaiba.com.br\/index.php\/wp-json\/wp\/v2\/posts\/134410","targetHints":{"allow":["GET"]}}],"collection":[{"href":"https:\/\/iparaiba.com.br\/index.php\/wp-json\/wp\/v2\/posts"}],"about":[{"href":"https:\/\/iparaiba.com.br\/index.php\/wp-json\/wp\/v2\/types\/post"}],"author":[{"embeddable":true,"href":"https:\/\/iparaiba.com.br\/index.php\/wp-json\/wp\/v2\/users\/1"}],"replies":[{"embeddable":true,"href":"https:\/\/iparaiba.com.br\/index.php\/wp-json\/wp\/v2\/comments?post=134410"}],"version-history":[{"count":1,"href":"https:\/\/iparaiba.com.br\/index.php\/wp-json\/wp\/v2\/posts\/134410\/revisions"}],"predecessor-version":[{"id":134437,"href":"https:\/\/iparaiba.com.br\/index.php\/wp-json\/wp\/v2\/posts\/134410\/revisions\/134437"}],"wp:featuredmedia":[{"embeddable":true,"href":"https:\/\/iparaiba.com.br\/index.php\/wp-json\/wp\/v2\/media\/134170"}],"wp:attachment":[{"href":"https:\/\/iparaiba.com.br\/index.php\/wp-json\/wp\/v2\/media?parent=134410"}],"wp:term":[{"taxonomy":"category","embeddable":true,"href":"https:\/\/iparaiba.com.br\/index.php\/wp-json\/wp\/v2\/categories?post=134410"},{"taxonomy":"post_tag","embeddable":true,"href":"https:\/\/iparaiba.com.br\/index.php\/wp-json\/wp\/v2\/tags?post=134410"}],"curies":[{"name":"wp","href":"https:\/\/api.w.org\/{rel}","templated":true}]}}