{"id":134408,"date":"2025-02-11T08:11:02","date_gmt":"2025-02-11T11:11:02","guid":{"rendered":"https:\/\/onordeste.com.br\/?p=134400"},"modified":"2025-02-11T08:11:02","modified_gmt":"2025-02-11T11:11:02","slug":"saude-divulga-boletim-e-casos-provaveis-de-arboviroses-somam-mais-de-700","status":"publish","type":"post","link":"https:\/\/iparaiba.com.br\/index.php\/2025\/02\/11\/saude-divulga-boletim-e-casos-provaveis-de-arboviroses-somam-mais-de-700\/","title":{"rendered":"Sa\u00fade divulga boletim e casos prov\u00e1veis de arboviroses somam mais de 700"},"content":{"rendered":"<p>A Secretaria de Estado da Sa\u00fade, por meio da Ger\u00eancia Executiva de Vigil\u00e2ncia em Sa\u00fade, divulgou o Boletim Epidemiol\u00f3gico n\u00ba 2 das Arboviroses na Para\u00edba deste ano, com dados trabalhados e an\u00e1lises at\u00e9 a Semana Epidemiol\u00f3gica 5 (dia 01.02.2025), no qual observa-se que os casos prov\u00e1veis de arboviroses em 2025 totalizam 737, dos quais 91,45% para dengue, com 674 casos prov\u00e1veis; 7,46% para chikungunya, com 55 casos prov\u00e1veis; 0,14% para zika v\u00edrus, com um caso; e 0,95% para Febre do Oropouche, com sete casos prov\u00e1veis.<\/p>\n<p>De acordo com o boletim, a maior incid\u00eancia das arboviroses acontece nos munic\u00edpios das 1\u00aa, 2\u00aa e 3\u00aa regi\u00f5es de sa\u00fade. Quando comparados ao mesmo per\u00edodo do ano de 2024, observa-se um aumento de 40,71% para os casos prov\u00e1veis de dengue. J\u00e1 para os casos prov\u00e1veis de chikungunya, houve uma redu\u00e7\u00e3o de 48% e para os casos prov\u00e1veis de zika uma redu\u00e7\u00e3o de 89%.<\/p>\n<p>Conforme a t\u00e9cnica respons\u00e1vel pelas arboviroses, Carla Jaciara, a popula\u00e7\u00e3o \u00e9 uma grande aliada no combate dessas doen\u00e7as. \u201c\u00c9 importante que a popula\u00e7\u00e3o, no caso de qualquer sinal ou sintoma sugestivo de uma dessas doen\u00e7as, procure logo um servi\u00e7o de sa\u00fade, n\u00e3o se automedique, para que o seu caso seja notificado e identificado para ser tratado de forma adequada e oportuna, como tamb\u00e9m, deve ficar atenta a qualquer meio que acumule \u00e1gua para que seja eliminado e a gente consiga fazer a vigil\u00e2ncia de forma correta\u201d, pontuou.<\/p>\n<p><b>\u00d3bitos 2025<\/b>\u00a0\u2013 O boletim n\u00e3o registra \u00f3bitos confirmados para dengue. Segundo os dados, t\u00eam dois \u00f3bitos em investiga\u00e7\u00e3o nos munic\u00edpios de Campina Grande e S\u00e3o Domingos do Cariri. Quanto \u00e0 chikungunya, n\u00e3o h\u00e1 \u00f3bitos confirmados e nem em investiga\u00e7\u00e3o.\u00a0\u00a0Tamb\u00e9m n\u00e3o h\u00e1 \u00f3bito confirmado, descartado ou em investiga\u00e7\u00e3o nem para zika e nem para a oropouche.<\/p>\n<p>O boletim pode ser conferido no link\u00a0<a href=\"https:\/\/paraiba.pb.gov.br\/diretas\/saude\/consultas\/vigilancia-em-saude\/boletim-epidemiologico-arboviroses-urbanas-no-02_2025.pdf\">https:\/\/paraiba.pb.gov.br\/diretas\/saude\/consultas\/vigilancia-em-saude\/boletim-epidemiologico-arboviroses-urbanas-no-02_2025.pdf<\/a><\/p>\n","protected":false},"excerpt":{"rendered":"<p>A Secretaria de Estado da Sa\u00fade, por meio da Ger\u00eancia Executiva de Vigil\u00e2ncia em Sa\u00fade, divulgou o Boletim Epidemiol\u00f3gico n\u00ba 2 das Arboviroses na Para\u00edba deste ano, com dados trabalhados e an\u00e1lises at\u00e9 a Semana Epidemiol\u00f3gica 5 (dia 01.02.2025), no qual observa-se que os casos prov\u00e1veis de arboviroses em 2025 totalizam 737, dos quais 91,45% &hellip;<\/p>\n","protected":false},"author":1,"featured_media":108497,"comment_status":"open","ping_status":"open","sticky":false,"template":"","format":"standard","meta":{"footnotes":""},"categories":[2],"tags":[],"class_list":["post-134408","post","type-post","status-publish","format-standard","has-post-thumbnail","hentry","category-saude"],"_links":{"self":[{"href":"https:\/\/iparaiba.com.br\/index.php\/wp-json\/wp\/v2\/posts\/134408","targetHints":{"allow":["GET"]}}],"collection":[{"href":"https:\/\/iparaiba.com.br\/index.php\/wp-json\/wp\/v2\/posts"}],"about":[{"href":"https:\/\/iparaiba.com.br\/index.php\/wp-json\/wp\/v2\/types\/post"}],"author":[{"embeddable":true,"href":"https:\/\/iparaiba.com.br\/index.php\/wp-json\/wp\/v2\/users\/1"}],"replies":[{"embeddable":true,"href":"https:\/\/iparaiba.com.br\/index.php\/wp-json\/wp\/v2\/comments?post=134408"}],"version-history":[{"count":1,"href":"https:\/\/iparaiba.com.br\/index.php\/wp-json\/wp\/v2\/posts\/134408\/revisions"}],"predecessor-version":[{"id":134435,"href":"https:\/\/iparaiba.com.br\/index.php\/wp-json\/wp\/v2\/posts\/134408\/revisions\/134435"}],"wp:featuredmedia":[{"embeddable":true,"href":"https:\/\/iparaiba.com.br\/index.php\/wp-json\/wp\/v2\/media\/108497"}],"wp:attachment":[{"href":"https:\/\/iparaiba.com.br\/index.php\/wp-json\/wp\/v2\/media?parent=134408"}],"wp:term":[{"taxonomy":"category","embeddable":true,"href":"https:\/\/iparaiba.com.br\/index.php\/wp-json\/wp\/v2\/categories?post=134408"},{"taxonomy":"post_tag","embeddable":true,"href":"https:\/\/iparaiba.com.br\/index.php\/wp-json\/wp\/v2\/tags?post=134408"}],"curies":[{"name":"wp","href":"https:\/\/api.w.org\/{rel}","templated":true}]}}