{"id":134407,"date":"2025-02-11T06:10:01","date_gmt":"2025-02-11T09:10:01","guid":{"rendered":"https:\/\/onordeste.com.br\/?p=134398"},"modified":"2025-02-11T06:10:01","modified_gmt":"2025-02-11T09:10:01","slug":"agevisa-alerta-para-casos-de-intoxicacao-provocados-por-pomadas-modeladoras-capilares","status":"publish","type":"post","link":"https:\/\/iparaiba.com.br\/index.php\/2025\/02\/11\/agevisa-alerta-para-casos-de-intoxicacao-provocados-por-pomadas-modeladoras-capilares\/","title":{"rendered":"Agevisa alerta para casos de intoxica\u00e7\u00e3o provocados por pomadas modeladoras capilares"},"content":{"rendered":"<p>A Ag\u00eancia Estadual de Vigil\u00e2ncia Sanit\u00e1ria (Agevisa-PB) divulgou alerta sobre a ocorr\u00eancia de novos casos de intoxica\u00e7\u00e3o por utiliza\u00e7\u00e3o de pomadas capilares. No dia 31 de janeiro de 2025, o Centro Nacional de Informa\u00e7\u00f5es Estrat\u00e9gicas em Vigil\u00e2ncia em Sa\u00fade (\u00f3rg\u00e3o do Minist\u00e9rio da Sa\u00fade) detectou les\u00f5es nos olhos provocadas por uso de pomadas para cabelo no estado de Pernambuco.<\/p>\n<p>\u201cAp\u00f3s verifica\u00e7\u00e3o realizada pelo Cievs\/PE, foram notificados 21 casos de les\u00f5es oculares em decorr\u00eancia do uso das pomadas, sendo 13 no Recife, um em Jaboat\u00e3o dos Guararapes, quatro em Olinda, dois em Paulista e um em Sirinha\u00e9m, todos ocorridos entre os dias 1\u00ba e 31 de janeiro de 2025\u201d, informou Geraldo Moreira, diretor-geral da Vigil\u00e2ncia Sanit\u00e1ria paraibana.<\/p>\n<p>Os problemas envolvendo produtos para fixar e\/ou modelar cabelos v\u00eam sendo notificados com maior intensidade desde o in\u00edcio de 2023, quando foram anunciados os primeiros casos de urg\u00eancia oftalmol\u00f3gica em v\u00e1rias regi\u00f5es do Pa\u00eds. Naquele ano, por exemplo, somente na cidade do Rio de Janeiro (RJ), foram registrados 116 casos oftalmol\u00f3gicos relacionados ao uso de pomada para cabelo.<\/p>\n","protected":false},"excerpt":{"rendered":"<p>A Ag\u00eancia Estadual de Vigil\u00e2ncia Sanit\u00e1ria (Agevisa-PB) divulgou alerta sobre a ocorr\u00eancia de novos casos de intoxica\u00e7\u00e3o por utiliza\u00e7\u00e3o de pomadas capilares. No dia 31 de janeiro de 2025, o Centro Nacional de Informa\u00e7\u00f5es Estrat\u00e9gicas em Vigil\u00e2ncia em Sa\u00fade (\u00f3rg\u00e3o do Minist\u00e9rio da Sa\u00fade) detectou les\u00f5es nos olhos provocadas por uso de pomadas para cabelo &hellip;<\/p>\n","protected":false},"author":1,"featured_media":116528,"comment_status":"open","ping_status":"open","sticky":false,"template":"","format":"standard","meta":{"footnotes":""},"categories":[2],"tags":[],"class_list":["post-134407","post","type-post","status-publish","format-standard","has-post-thumbnail","hentry","category-saude"],"_links":{"self":[{"href":"https:\/\/iparaiba.com.br\/index.php\/wp-json\/wp\/v2\/posts\/134407","targetHints":{"allow":["GET"]}}],"collection":[{"href":"https:\/\/iparaiba.com.br\/index.php\/wp-json\/wp\/v2\/posts"}],"about":[{"href":"https:\/\/iparaiba.com.br\/index.php\/wp-json\/wp\/v2\/types\/post"}],"author":[{"embeddable":true,"href":"https:\/\/iparaiba.com.br\/index.php\/wp-json\/wp\/v2\/users\/1"}],"replies":[{"embeddable":true,"href":"https:\/\/iparaiba.com.br\/index.php\/wp-json\/wp\/v2\/comments?post=134407"}],"version-history":[{"count":1,"href":"https:\/\/iparaiba.com.br\/index.php\/wp-json\/wp\/v2\/posts\/134407\/revisions"}],"predecessor-version":[{"id":134434,"href":"https:\/\/iparaiba.com.br\/index.php\/wp-json\/wp\/v2\/posts\/134407\/revisions\/134434"}],"wp:featuredmedia":[{"embeddable":true,"href":"https:\/\/iparaiba.com.br\/index.php\/wp-json\/wp\/v2\/media\/116528"}],"wp:attachment":[{"href":"https:\/\/iparaiba.com.br\/index.php\/wp-json\/wp\/v2\/media?parent=134407"}],"wp:term":[{"taxonomy":"category","embeddable":true,"href":"https:\/\/iparaiba.com.br\/index.php\/wp-json\/wp\/v2\/categories?post=134407"},{"taxonomy":"post_tag","embeddable":true,"href":"https:\/\/iparaiba.com.br\/index.php\/wp-json\/wp\/v2\/tags?post=134407"}],"curies":[{"name":"wp","href":"https:\/\/api.w.org\/{rel}","templated":true}]}}