{"id":134404,"date":"2025-02-10T12:06:01","date_gmt":"2025-02-10T15:06:01","guid":{"rendered":"https:\/\/onordeste.com.br\/?p=134392"},"modified":"2025-02-10T12:06:01","modified_gmt":"2025-02-10T15:06:01","slug":"governo-realiza-sobrevoo-em-baia-da-traicao-e-mataraca-para-inspecionar-calamidade","status":"publish","type":"post","link":"https:\/\/iparaiba.com.br\/index.php\/2025\/02\/10\/governo-realiza-sobrevoo-em-baia-da-traicao-e-mataraca-para-inspecionar-calamidade\/","title":{"rendered":"Governo realiza sobrevoo em Ba\u00eda da Trai\u00e7\u00e3o e Mataraca para inspecionar calamidade"},"content":{"rendered":"<p>O Governo da Para\u00edba, por meio das Secretarias de Estado da Infraestrutura e dos Recursos H\u00eddricos (Seirh) e do Desenvolvimento Humano (Sedh) realizou um sobrevoo no Litoral Norte da Para\u00edba para inspe\u00e7\u00e3o da situa\u00e7\u00e3o de calamidade em virtude das chuvas. Os secret\u00e1rios Deusdete Queiroga e Pollyanna Werton se dirigiram aos munic\u00edpios de Ba\u00eda da Trai\u00e7\u00e3o e Mataraca no Helic\u00f3ptero Acau\u00e3, no in\u00edcio da tarde desta sexta-feira (7).<\/p>\n<p>Devido \u00e0s chuvas, o Rio Sinimbu transbordou ap\u00f3s uma chuva intensa em Ba\u00eda da Trai\u00e7\u00e3o, alagando diversas casas no bairro do Morrinho. Segundo a Defesa Civil do munic\u00edpio, cerca de 200 resid\u00eancias foram atingidas, e aproximadamente 80 fam\u00edlias foram afetadas pelo alagamento. Al\u00e9m de Ba\u00eda da Trai\u00e7\u00e3o, a Defesa Civil estadual estima que os munic\u00edpios de Mataraca e Mamanguape tamb\u00e9m estejam afetados pelas fortes chuvas.<\/p>\n<p>Segundo o secret\u00e1rio Deusdete Queiroga, o Litoral Sul j\u00e1 conta com a presen\u00e7a do Departamento de Estradas de Rodagem (DER) e, agora, o governo se faz presente no Litoral Norte. \u201cEstamos indo ao Litoral Norte, pois no Litoral Sul j\u00e1 temos a presen\u00e7a do DER. H\u00e1 uma determina\u00e7\u00e3o do governador para que a gente possa fazer isso, coordenar as a\u00e7\u00f5es de atendimento \u00e0s fam\u00edlias desalojadas. As fortes chuvas felizmente n\u00e3o deixaram v\u00edtimas, n\u00e3o morreu ningu\u00e9m, gra\u00e7as a Deus, mas \u00e9 preciso a presen\u00e7a do governo nesse momento. J\u00e1 temos l\u00e1 a presen\u00e7a da nossa Defesa Civil, com distribui\u00e7\u00e3o de \u00e1gua, nosso Corpo de Bombeiros, e o governo se faz presente nesse per\u00edodo de chuvas que, em menos de 24h, choveu mais do que toda a previs\u00e3o para o m\u00eas de fevereiro\u201d, destacou Deusdete.<\/p>\n<p>A secret\u00e1ria Pollyanna Werton refor\u00e7ou a import\u00e2ncia da assist\u00eancia \u00e0s fam\u00edlias desabrigadas nesse momento, em virtude das chuvas. \u201cO governador, prontamente, acionou todo o seu time de governo e o objetivo maior \u00e9 proteger as fam\u00edlias, que nesse momento se encontram desabrigadas l\u00e1. Toda a nossa equipe de assist\u00eancia tamb\u00e9m est\u00e1 indo por terra para fazer o registro nesse momento da quantidade de pessoas desabrigadas e garantir que todas as a\u00e7\u00f5es pertinentes nesse momento sejam tomadas pelo governo, de m\u00e3os dadas, para chegar junto a quem mais precisa\u201d, acrescentou.<\/p>\n","protected":false},"excerpt":{"rendered":"<p>O Governo da Para\u00edba, por meio das Secretarias de Estado da Infraestrutura e dos Recursos H\u00eddricos (Seirh) e do Desenvolvimento Humano (Sedh) realizou um sobrevoo no Litoral Norte da Para\u00edba para inspe\u00e7\u00e3o da situa\u00e7\u00e3o de calamidade em virtude das chuvas. Os secret\u00e1rios Deusdete Queiroga e Pollyanna Werton se dirigiram aos munic\u00edpios de Ba\u00eda da Trai\u00e7\u00e3o &hellip;<\/p>\n","protected":false},"author":1,"featured_media":97452,"comment_status":"open","ping_status":"open","sticky":false,"template":"","format":"standard","meta":{"footnotes":""},"categories":[3],"tags":[],"class_list":["post-134404","post","type-post","status-publish","format-standard","has-post-thumbnail","hentry","category-nordeste"],"_links":{"self":[{"href":"https:\/\/iparaiba.com.br\/index.php\/wp-json\/wp\/v2\/posts\/134404","targetHints":{"allow":["GET"]}}],"collection":[{"href":"https:\/\/iparaiba.com.br\/index.php\/wp-json\/wp\/v2\/posts"}],"about":[{"href":"https:\/\/iparaiba.com.br\/index.php\/wp-json\/wp\/v2\/types\/post"}],"author":[{"embeddable":true,"href":"https:\/\/iparaiba.com.br\/index.php\/wp-json\/wp\/v2\/users\/1"}],"replies":[{"embeddable":true,"href":"https:\/\/iparaiba.com.br\/index.php\/wp-json\/wp\/v2\/comments?post=134404"}],"version-history":[{"count":1,"href":"https:\/\/iparaiba.com.br\/index.php\/wp-json\/wp\/v2\/posts\/134404\/revisions"}],"predecessor-version":[{"id":134431,"href":"https:\/\/iparaiba.com.br\/index.php\/wp-json\/wp\/v2\/posts\/134404\/revisions\/134431"}],"wp:featuredmedia":[{"embeddable":true,"href":"https:\/\/iparaiba.com.br\/index.php\/wp-json\/wp\/v2\/media\/97452"}],"wp:attachment":[{"href":"https:\/\/iparaiba.com.br\/index.php\/wp-json\/wp\/v2\/media?parent=134404"}],"wp:term":[{"taxonomy":"category","embeddable":true,"href":"https:\/\/iparaiba.com.br\/index.php\/wp-json\/wp\/v2\/categories?post=134404"},{"taxonomy":"post_tag","embeddable":true,"href":"https:\/\/iparaiba.com.br\/index.php\/wp-json\/wp\/v2\/tags?post=134404"}],"curies":[{"name":"wp","href":"https:\/\/api.w.org\/{rel}","templated":true}]}}