{"id":134403,"date":"2025-02-10T10:04:57","date_gmt":"2025-02-10T13:04:57","guid":{"rendered":"https:\/\/onordeste.com.br\/?p=134390"},"modified":"2025-02-10T10:04:57","modified_gmt":"2025-02-10T13:04:57","slug":"agevisa-orienta-a-populacao-a-so-fazer-uso-de-pomadas-capilares-aprovadas-pela-anvisa","status":"publish","type":"post","link":"https:\/\/iparaiba.com.br\/index.php\/2025\/02\/10\/agevisa-orienta-a-populacao-a-so-fazer-uso-de-pomadas-capilares-aprovadas-pela-anvisa\/","title":{"rendered":"Agevisa orienta a popula\u00e7\u00e3o a s\u00f3 fazer uso de pomadas capilares aprovadas pela Anvisa"},"content":{"rendered":"<p>AAg\u00eancia Estadual de Vigil\u00e2ncia Sanit\u00e1ria est\u00e1 orientando a popula\u00e7\u00e3o paraibana a s\u00f3 utilizar pomadas capilares cujas marcas constam da Lista de Pomadas Autorizadas publicada no Portal da Anvisa, no endere\u00e7o\u00a0<a href=\"https:\/\/www.gov.br\/anvisa\/pt-br\/assuntos\/cosmeticos\/pomadas\/pomadas-autorizadas\">https:\/\/www.gov.br\/anvisa\/pt-br\/assuntos\/cosmeticos\/pomadas\/pomadas-autorizadas<\/a>. Segundo o diretor-geral da Agevisa\/PB, Geraldo Moreira de Menezes, al\u00e9m dos nomes dos produtos autorizados, a lista inclui os nomes das empresas respons\u00e1veis, incluindo os n\u00fameros do CNPJ, os n\u00fameros dos processos que resultaram na autoriza\u00e7\u00e3o e a situa\u00e7\u00e3o de cada um dos produtos listados com a indica\u00e7\u00e3o \u201cPomada Autorizada\u201d.<\/p>\n<p>A consulta da situa\u00e7\u00e3o da pomada que se pretende usar, conforme Geraldo Moreira, \u00e9 imprescind\u00edvel para evitar riscos desnecess\u00e1rios \u00e0 sa\u00fade, e, neste caso, especialmente \u00e0 sa\u00fade dos olhos, pois o uso de produtos irregulares ou produzidos de forma inadequada pode provocar efeitos indesejados como cegueira tempor\u00e1ria (perda tempor\u00e1ria da vis\u00e3o), forte ard\u00eancia nos olhos, lacrimejamento intenso, coceira, vermelhid\u00e3o, incha\u00e7o ocular e dor de cabe\u00e7a.<\/p>\n<p>\u201cCom a divulga\u00e7\u00e3o dos problemas ligados ao uso de pomadas capilares, a popula\u00e7\u00e3o tende a acreditar que o perigo est\u00e1 em todos os produtos do g\u00eanero. Mas esse n\u00e3o \u00e9 o caso, pois existem muitos produtos autorizados pela Anvisa cujos processos relacionados \u00e0s solicita\u00e7\u00f5es de autoriza\u00e7\u00e3o s\u00e3o extremamente criteriosos e s\u00f3 concluem pelo deferimento dos pedidos se os produtos forem completamente seguros para a sa\u00fade da popula\u00e7\u00e3o\u201d, explica o diretor da Agevisa\/PB.<\/p>\n<p>Geraldo Moreira acrescenta que, \u201cao consultarem a lista de pomadas autorizadas, se as pessoas interessadas n\u00e3o encontrarem os nomes dos produtos que estejam pretendendo utilizar, elas devem descart\u00e1-los imediatamente, pois a aus\u00eancia dos seus nomes no referido painel indica que eles n\u00e3o est\u00e3o autorizados pela Anvisa, e, ainda, que a comercializa\u00e7\u00e3o e uso dos mesmos s\u00e3o proibidas em todo o territ\u00f3rio nacional\u201d.<\/p>\n","protected":false},"excerpt":{"rendered":"<p>AAg\u00eancia Estadual de Vigil\u00e2ncia Sanit\u00e1ria est\u00e1 orientando a popula\u00e7\u00e3o paraibana a s\u00f3 utilizar pomadas capilares cujas marcas constam da Lista de Pomadas Autorizadas publicada no Portal da Anvisa, no endere\u00e7o\u00a0https:\/\/www.gov.br\/anvisa\/pt-br\/assuntos\/cosmeticos\/pomadas\/pomadas-autorizadas. Segundo o diretor-geral da Agevisa\/PB, Geraldo Moreira de Menezes, al\u00e9m dos nomes dos produtos autorizados, a lista inclui os nomes das empresas respons\u00e1veis, incluindo os &hellip;<\/p>\n","protected":false},"author":1,"featured_media":110616,"comment_status":"open","ping_status":"open","sticky":false,"template":"","format":"standard","meta":{"footnotes":""},"categories":[6],"tags":[],"class_list":["post-134403","post","type-post","status-publish","format-standard","has-post-thumbnail","hentry","category-destaques"],"_links":{"self":[{"href":"https:\/\/iparaiba.com.br\/index.php\/wp-json\/wp\/v2\/posts\/134403","targetHints":{"allow":["GET"]}}],"collection":[{"href":"https:\/\/iparaiba.com.br\/index.php\/wp-json\/wp\/v2\/posts"}],"about":[{"href":"https:\/\/iparaiba.com.br\/index.php\/wp-json\/wp\/v2\/types\/post"}],"author":[{"embeddable":true,"href":"https:\/\/iparaiba.com.br\/index.php\/wp-json\/wp\/v2\/users\/1"}],"replies":[{"embeddable":true,"href":"https:\/\/iparaiba.com.br\/index.php\/wp-json\/wp\/v2\/comments?post=134403"}],"version-history":[{"count":1,"href":"https:\/\/iparaiba.com.br\/index.php\/wp-json\/wp\/v2\/posts\/134403\/revisions"}],"predecessor-version":[{"id":134430,"href":"https:\/\/iparaiba.com.br\/index.php\/wp-json\/wp\/v2\/posts\/134403\/revisions\/134430"}],"wp:featuredmedia":[{"embeddable":true,"href":"https:\/\/iparaiba.com.br\/index.php\/wp-json\/wp\/v2\/media\/110616"}],"wp:attachment":[{"href":"https:\/\/iparaiba.com.br\/index.php\/wp-json\/wp\/v2\/media?parent=134403"}],"wp:term":[{"taxonomy":"category","embeddable":true,"href":"https:\/\/iparaiba.com.br\/index.php\/wp-json\/wp\/v2\/categories?post=134403"},{"taxonomy":"post_tag","embeddable":true,"href":"https:\/\/iparaiba.com.br\/index.php\/wp-json\/wp\/v2\/tags?post=134403"}],"curies":[{"name":"wp","href":"https:\/\/api.w.org\/{rel}","templated":true}]}}