{"id":134401,"date":"2025-02-10T06:01:23","date_gmt":"2025-02-10T09:01:23","guid":{"rendered":"https:\/\/onordeste.com.br\/?p=134386"},"modified":"2025-02-10T06:01:23","modified_gmt":"2025-02-10T09:01:23","slug":"educacao-ganha-passe-livre-e-construcao-e-ampliacao-de-escolas","status":"publish","type":"post","link":"https:\/\/iparaiba.com.br\/index.php\/2025\/02\/10\/educacao-ganha-passe-livre-e-construcao-e-ampliacao-de-escolas\/","title":{"rendered":"Educa\u00e7\u00e3o ganha Passe Livre e constru\u00e7\u00e3o e amplia\u00e7\u00e3o de escolas"},"content":{"rendered":"<p>A Educa\u00e7\u00e3o \u00e9 um dos grandes destaques do programa \u201cPara\u00edba 2025-2026\u201d, anunciado nesta segunda-feira (13) pelo governador Jo\u00e3o<span class=\"apple-converted-space\">\u00a0<\/span>Azev\u00eado. Com um investimento total de R$ 625 milh\u00f5es, a iniciativa inclui a constru\u00e7\u00e3o de 26 novas escolas, a reforma e amplia\u00e7\u00e3o de 58 unidades, a climatiza\u00e7\u00e3o de 452 escolas estaduais e a implanta\u00e7\u00e3o do programa Bibliotecas para o Futuro. Al\u00e9m disso, ser\u00e3o constru\u00eddas 203 salas de aula em 69 escolas, todas essas medidas visando melhorar a infraestrutura e garantir a qualidade do ensino na rede estadual.<\/p>\n<p class=\"s4\">Uma das iniciativas mais inovadoras \u00e9 o Passe Livre Estudantil, que beneficiar\u00e1 alunos do 9\u00ba ano do Ensino Fundamental ao 3\u00ba ano do Ensino M\u00e9dio nas regi\u00f5es metropolitanas de Jo\u00e3o Pessoa e Campina Grande. A medida, que representa um investimento de R$ 89,5 milh\u00f5es, tem como objetivo reduzir a evas\u00e3o escolar e facilitar o acesso \u00e0 educa\u00e7\u00e3o. Para acessar o benef\u00edcio, os estudantes precisar\u00e3o comprovar frequ\u00eancia escolar, detalhou o governador.<\/p>\n<p class=\"s4\">Al\u00e9m da amplia\u00e7\u00e3o da infraestrutura, o governo tamb\u00e9m anunciou um reajuste diferenciado para professores prestadores de servi\u00e7o, igualando seus sal\u00e1rios aos dos servidores efetivos. Essa medida busca valorizar os profissionais da educa\u00e7\u00e3o e promover maior equidade no ambiente de trabalho.<span class=\"apple-converted-space\">\u00a0<\/span>Durante o evento,<span class=\"apple-converted-space\">\u00a0<\/span>tamb\u00e9m foram anunciados novos<span class=\"apple-converted-space\">\u00a0<\/span>conv\u00eanios com os munic\u00edpios, prevendo a constru\u00e7\u00e3o, amplia\u00e7\u00e3o e reforma de escolas municipais, al\u00e9m da aquisi\u00e7\u00e3o de 200 \u00f4nibus escolares.<span class=\"apple-converted-space\">\u00a0<\/span><\/p>\n","protected":false},"excerpt":{"rendered":"<p>A Educa\u00e7\u00e3o \u00e9 um dos grandes destaques do programa \u201cPara\u00edba 2025-2026\u201d, anunciado nesta segunda-feira (13) pelo governador Jo\u00e3o\u00a0Azev\u00eado. Com um investimento total de R$ 625 milh\u00f5es, a iniciativa inclui a constru\u00e7\u00e3o de 26 novas escolas, a reforma e amplia\u00e7\u00e3o de 58 unidades, a climatiza\u00e7\u00e3o de 452 escolas estaduais e a implanta\u00e7\u00e3o do programa Bibliotecas para &hellip;<\/p>\n","protected":false},"author":1,"featured_media":104277,"comment_status":"open","ping_status":"open","sticky":false,"template":"","format":"standard","meta":{"footnotes":""},"categories":[11],"tags":[],"class_list":["post-134401","post","type-post","status-publish","format-standard","has-post-thumbnail","hentry","category-educacao"],"_links":{"self":[{"href":"https:\/\/iparaiba.com.br\/index.php\/wp-json\/wp\/v2\/posts\/134401","targetHints":{"allow":["GET"]}}],"collection":[{"href":"https:\/\/iparaiba.com.br\/index.php\/wp-json\/wp\/v2\/posts"}],"about":[{"href":"https:\/\/iparaiba.com.br\/index.php\/wp-json\/wp\/v2\/types\/post"}],"author":[{"embeddable":true,"href":"https:\/\/iparaiba.com.br\/index.php\/wp-json\/wp\/v2\/users\/1"}],"replies":[{"embeddable":true,"href":"https:\/\/iparaiba.com.br\/index.php\/wp-json\/wp\/v2\/comments?post=134401"}],"version-history":[{"count":1,"href":"https:\/\/iparaiba.com.br\/index.php\/wp-json\/wp\/v2\/posts\/134401\/revisions"}],"predecessor-version":[{"id":134428,"href":"https:\/\/iparaiba.com.br\/index.php\/wp-json\/wp\/v2\/posts\/134401\/revisions\/134428"}],"wp:featuredmedia":[{"embeddable":true,"href":"https:\/\/iparaiba.com.br\/index.php\/wp-json\/wp\/v2\/media\/104277"}],"wp:attachment":[{"href":"https:\/\/iparaiba.com.br\/index.php\/wp-json\/wp\/v2\/media?parent=134401"}],"wp:term":[{"taxonomy":"category","embeddable":true,"href":"https:\/\/iparaiba.com.br\/index.php\/wp-json\/wp\/v2\/categories?post=134401"},{"taxonomy":"post_tag","embeddable":true,"href":"https:\/\/iparaiba.com.br\/index.php\/wp-json\/wp\/v2\/tags?post=134401"}],"curies":[{"name":"wp","href":"https:\/\/api.w.org\/{rel}","templated":true}]}}