{"id":134378,"date":"2025-02-03T07:35:29","date_gmt":"2025-02-03T10:35:29","guid":{"rendered":"https:\/\/onordeste.com.br\/?p=134335"},"modified":"2025-02-03T07:35:29","modified_gmt":"2025-02-03T10:35:29","slug":"gilberto-destina-r-25-milhoes-para-novo-centro-cirurgico-na-fap","status":"publish","type":"post","link":"https:\/\/iparaiba.com.br\/index.php\/2025\/02\/03\/gilberto-destina-r-25-milhoes-para-novo-centro-cirurgico-na-fap\/","title":{"rendered":"Gilberto destina R$ 2,5 milh\u00f5es para novo centro cir\u00fargico na FAP"},"content":{"rendered":"<p style=\"font-weight: 400;\">O deputado federal Cabo Gilberto (PL-PB) esteve na tarde desta segunda-feira (27), no Hospital da Funda\u00e7\u00e3o Assistencial da Para\u00edba (FAP), em Campina Grande, ao lado do deputado estadual Sargento Rui e do diretor presidente desta unidade, Derl\u00f3pidas Neves, onde assegurou a assa funda\u00e7\u00e3o que atende 148 munic\u00edpios, uma emenda de R$ 2,5 milh\u00f5es que permitir\u00e1 a constru\u00e7\u00e3o de um novo centro cir\u00fargico.<\/p>\n<p style=\"font-weight: 400;\">\u201cMandato de resultados em defesa do povo paraibano! O hospital da FAP atende v\u00e1rias cidades do Estado da Para\u00edba no tratamento oncol\u00f3gico, e ter\u00e1 um novo centro cir\u00fargico atrav\u00e9s da nossa emenda de R$2.5 milh\u00f5es. Obrigado Campina Grande. \u00c9 uma satisfa\u00e7\u00e3o imensa estar aqui ajudando esse hospital que salva a vida de milhares de paraibanos\u201d, comentou Gilberto, ao ressaltar a import\u00e2ncia dos investimentos e o impacto positivo que ter\u00e1 o novo espa\u00e7o na humaniza\u00e7\u00e3o do atendimento aos pacientes oncol\u00f3gicos. \u201cEsse ano vai ter mais (emendas) e estamos juntos\u201d, disse.<\/p>\n<p style=\"font-weight: 400;\">Segundo Derl\u00f3pidas Neves, a inten\u00e7\u00e3o da funda\u00e7\u00e3o com o apoio do deputado \u00e9 montar mais quatro centros cir\u00fargicos e 10 UTI\u00b4s. \u201cIsso vai ampliar nosso servi\u00e7o para nossos pacientes oncol\u00f3gicos. Estamos muitos gratos a vossa excel\u00eancia em poder estar ajudando a FAP, pois esse \u00e9 um hospital que ajuda 148 munic\u00edpios e seu mandato tem ajudado muito esse hospital e eu fiquei muito feliz e grato em nome do nosso conselho e dos pacientes que precisam do nosso atendimento\u201d, afirmou o presidente da FAP.<\/p>\n","protected":false},"excerpt":{"rendered":"<p>O deputado federal Cabo Gilberto (PL-PB) esteve na tarde desta segunda-feira (27), no Hospital da Funda\u00e7\u00e3o Assistencial da Para\u00edba (FAP), em Campina Grande, ao lado do deputado estadual Sargento Rui e do diretor presidente desta unidade, Derl\u00f3pidas Neves, onde assegurou a assa funda\u00e7\u00e3o que atende 148 munic\u00edpios, uma emenda de R$ 2,5 milh\u00f5es que permitir\u00e1 &hellip;<\/p>\n","protected":false},"author":1,"featured_media":100346,"comment_status":"open","ping_status":"open","sticky":false,"template":"","format":"standard","meta":{"footnotes":""},"categories":[6],"tags":[],"class_list":["post-134378","post","type-post","status-publish","format-standard","has-post-thumbnail","hentry","category-destaques"],"_links":{"self":[{"href":"https:\/\/iparaiba.com.br\/index.php\/wp-json\/wp\/v2\/posts\/134378","targetHints":{"allow":["GET"]}}],"collection":[{"href":"https:\/\/iparaiba.com.br\/index.php\/wp-json\/wp\/v2\/posts"}],"about":[{"href":"https:\/\/iparaiba.com.br\/index.php\/wp-json\/wp\/v2\/types\/post"}],"author":[{"embeddable":true,"href":"https:\/\/iparaiba.com.br\/index.php\/wp-json\/wp\/v2\/users\/1"}],"replies":[{"embeddable":true,"href":"https:\/\/iparaiba.com.br\/index.php\/wp-json\/wp\/v2\/comments?post=134378"}],"version-history":[{"count":0,"href":"https:\/\/iparaiba.com.br\/index.php\/wp-json\/wp\/v2\/posts\/134378\/revisions"}],"wp:featuredmedia":[{"embeddable":true,"href":"https:\/\/iparaiba.com.br\/index.php\/wp-json\/wp\/v2\/media\/100346"}],"wp:attachment":[{"href":"https:\/\/iparaiba.com.br\/index.php\/wp-json\/wp\/v2\/media?parent=134378"}],"wp:term":[{"taxonomy":"category","embeddable":true,"href":"https:\/\/iparaiba.com.br\/index.php\/wp-json\/wp\/v2\/categories?post=134378"},{"taxonomy":"post_tag","embeddable":true,"href":"https:\/\/iparaiba.com.br\/index.php\/wp-json\/wp\/v2\/tags?post=134378"}],"curies":[{"name":"wp","href":"https:\/\/api.w.org\/{rel}","templated":true}]}}