{"id":134377,"date":"2025-02-03T08:35:16","date_gmt":"2025-02-03T11:35:16","guid":{"rendered":"https:\/\/onordeste.com.br\/?p=134333"},"modified":"2025-02-03T08:35:16","modified_gmt":"2025-02-03T11:35:16","slug":"olimpio-propoe-a-criacao-de-centro-de-diagnostico-precoce-de-doencas-raras","status":"publish","type":"post","link":"https:\/\/iparaiba.com.br\/index.php\/2025\/02\/03\/olimpio-propoe-a-criacao-de-centro-de-diagnostico-precoce-de-doencas-raras\/","title":{"rendered":"Olimpio prop\u00f5e a cria\u00e7\u00e3o de Centro de Diagn\u00f3stico Precoce de Doen\u00e7as Raras"},"content":{"rendered":"<p style=\"font-weight: 400;\">O vereador Olimpio Oliveira, esteve reunido com o secret\u00e1rio de Estado da Sa\u00fade, Dr. Ari Reis, na companhia do superintendente da Funda\u00e7\u00e3o PB Sa\u00fade, Jhony Bezerra, a fim de tratar de pautas muito importantes para Campina Grande e regi\u00e3o.<\/p>\n<p style=\"font-weight: 400;\">Segundo o parlamentar foi apresentado aos gestores p\u00fablicos, documentos que detalham a demanda pela inclus\u00e3o, dentro do projeto do novo Hospital de Cl\u00ednicas de Campina Grande, de um Centro de Diagn\u00f3stico Precoce e de Aten\u00e7\u00e3o \u00e0s Pessoas com Doen\u00e7as Raras.<\/p>\n<p style=\"font-weight: 400;\">\u201cO objetivo, claro, \u00e9 ampliar o servi\u00e7o que j\u00e1 \u00e9 prestado pelo Hospital Universit\u00e1rio Alcides Carneiro, inclusive contemplando o p\u00fablico alvo no compartimento da Borborema. Assim como o Jhony, o secret\u00e1rio Ari Reis mostrou-se sens\u00edvel ao nosso requerimento e se comprometeu a analisar a mat\u00e9ria, inclusive em seus aspectos t\u00e9cnicos. Agrade\u00e7o ao secret\u00e1rio e ao superintendente pela aten\u00e7\u00e3o \u00e0 pauta, na certeza de que sua concretiza\u00e7\u00e3o representar\u00e1 uma conquista essencial para a sa\u00fade p\u00fablica e a popula\u00e7\u00e3o da nossa regi\u00e3o. Estamos na luta! Junte-se a n\u00f3s!\u201d, comentou por duas redes sociais o vereador Ol\u00edmpio Oliveira.<\/p>\n","protected":false},"excerpt":{"rendered":"<p>O vereador Olimpio Oliveira, esteve reunido com o secret\u00e1rio de Estado da Sa\u00fade, Dr. Ari Reis, na companhia do superintendente da Funda\u00e7\u00e3o PB Sa\u00fade, Jhony Bezerra, a fim de tratar de pautas muito importantes para Campina Grande e regi\u00e3o. Segundo o parlamentar foi apresentado aos gestores p\u00fablicos, documentos que detalham a demanda pela inclus\u00e3o, dentro &hellip;<\/p>\n","protected":false},"author":1,"featured_media":100822,"comment_status":"open","ping_status":"open","sticky":false,"template":"","format":"standard","meta":{"footnotes":""},"categories":[2],"tags":[],"class_list":["post-134377","post","type-post","status-publish","format-standard","has-post-thumbnail","hentry","category-saude"],"_links":{"self":[{"href":"https:\/\/iparaiba.com.br\/index.php\/wp-json\/wp\/v2\/posts\/134377","targetHints":{"allow":["GET"]}}],"collection":[{"href":"https:\/\/iparaiba.com.br\/index.php\/wp-json\/wp\/v2\/posts"}],"about":[{"href":"https:\/\/iparaiba.com.br\/index.php\/wp-json\/wp\/v2\/types\/post"}],"author":[{"embeddable":true,"href":"https:\/\/iparaiba.com.br\/index.php\/wp-json\/wp\/v2\/users\/1"}],"replies":[{"embeddable":true,"href":"https:\/\/iparaiba.com.br\/index.php\/wp-json\/wp\/v2\/comments?post=134377"}],"version-history":[{"count":0,"href":"https:\/\/iparaiba.com.br\/index.php\/wp-json\/wp\/v2\/posts\/134377\/revisions"}],"wp:featuredmedia":[{"embeddable":true,"href":"https:\/\/iparaiba.com.br\/index.php\/wp-json\/wp\/v2\/media\/100822"}],"wp:attachment":[{"href":"https:\/\/iparaiba.com.br\/index.php\/wp-json\/wp\/v2\/media?parent=134377"}],"wp:term":[{"taxonomy":"category","embeddable":true,"href":"https:\/\/iparaiba.com.br\/index.php\/wp-json\/wp\/v2\/categories?post=134377"},{"taxonomy":"post_tag","embeddable":true,"href":"https:\/\/iparaiba.com.br\/index.php\/wp-json\/wp\/v2\/tags?post=134377"}],"curies":[{"name":"wp","href":"https:\/\/api.w.org\/{rel}","templated":true}]}}