{"id":134376,"date":"2025-02-03T08:32:10","date_gmt":"2025-02-03T11:32:10","guid":{"rendered":"https:\/\/onordeste.com.br\/?p=134331"},"modified":"2025-02-03T08:32:10","modified_gmt":"2025-02-03T11:32:10","slug":"comecam-trabalhos-da-19a-legislatura-da-cmjp","status":"publish","type":"post","link":"https:\/\/iparaiba.com.br\/index.php\/2025\/02\/03\/comecam-trabalhos-da-19a-legislatura-da-cmjp\/","title":{"rendered":"Come\u00e7am trabalhos da 19\u00aa Legislatura da CMJP"},"content":{"rendered":"<p align=\"justify\">Na pr\u00f3xima ter\u00e7a-feira (4), a C\u00e2mara Municipal de Jo\u00e3o Pessoa (CMJP) inicia os trabalhos legislativos da 19\u00aa Legislatura (2025-2028), com os 29 vereadores que representar\u00e3o a popula\u00e7\u00e3o pessoense neste per\u00edodo. Os parlamentares eleitos em 2024 cumprir\u00e3o mandato de 1\u00ba de janeiro de 2025 a 31 de dezembro de 2028. Essa Legislatura ser\u00e1 composta por 27 homens e duas mulheres. Conhe\u00e7a o perfil dos vereadores e vereadoras clicando\u00a0<u><a href=\"https:\/\/joaopessoa.pb.leg.br\/vereadores\/\" target=\"_blank\" rel=\"noopener\" data-saferedirecturl=\"https:\/\/www.google.com\/url?q=https:\/\/joaopessoa.pb.leg.br\/vereadores\/&amp;source=gmail&amp;ust=1738668508380000&amp;usg=AOvVaw3LtPXzmRbtLcMPlwlSsS2N\">aqui<\/a><\/u>.<\/p>\n<p align=\"justify\">No bi\u00eanio 2025\/2026, a Casa Napole\u00e3o Laureano ser\u00e1 comandada por uma Mesa Diretora composta da seguinte forma: presidente Dinho (PSD); primeira vice-presidente Eliza Virg\u00ednia (PP); segundo vice-presidente Odon Bezerra (PSB); primeiro secret\u00e1rio Marmuthe Cavalcanti (Republicanos); segundo secret\u00e1rio Marcos Henriques (PT); e terceiro secret\u00e1rio Durval Ferreira (PL).<\/p>\n<p align=\"justify\"><b>Guia T\u00e9cnico de Elabora\u00e7\u00e3o Legislativa<\/b><\/p>\n<p align=\"justify\">Mesmo com o recesso das atividades parlamentares, a CMJP esteve em pleno funcionamento com os servidores alinhando suas atividades para o retorno das a\u00e7\u00f5es legislativas dos representantes do povo pessoense. Uma dessas a\u00e7\u00f5es\u00a0<span lang=\"pt-BR\">foi o lan\u00e7amento\u00a0<\/span>do\u00a0<u><a href=\"https:\/\/joaopessoa.pb.leg.br\/wp-content\/uploads\/2025\/01\/cae87a8db5fb81eccd9a3a55ec6af63a.pdf\" target=\"_blank\" rel=\"noopener\" data-saferedirecturl=\"https:\/\/www.google.com\/url?q=https:\/\/joaopessoa.pb.leg.br\/wp-content\/uploads\/2025\/01\/cae87a8db5fb81eccd9a3a55ec6af63a.pdf&amp;source=gmail&amp;ust=1738668508380000&amp;usg=AOvVaw3Hmkh1qHGw-HSNBIrMKEdP\">Guia T\u00e9cnico de Elabora\u00e7\u00e3o Legislativa<\/a><\/u>\u00a0com o objetivo de facilitar a compreens\u00e3o de todo o tr\u00e2mite das mat\u00e9rias legislativas elaboradas pelos gabinetes dos vereadores da Capital paraibana. O Guia, elaborado pela Diretoria Legislativa, j\u00e1 est\u00e1 disponibilizado no site da Casa Napole\u00e3o Laureano.<\/p>\n<p align=\"justify\">O material faz uma ampla explica\u00e7\u00e3o sobre o cadastro de Mat\u00e9rias Legislativas, pelos Gabinetes, a recep\u00e7\u00e3o destas mat\u00e9rias pela Secretaria Legislativa e pela Coordena\u00e7\u00e3o de Expediente, al\u00e9m de pontuar algumas pr\u00e1ticas que devem ser seguidas pelos Gabinetes, para o funcionamento adequado do processo legislativo. Assim como tamb\u00e9m deixa claro quais setores s\u00e3o respons\u00e1veis por cada etapa do processo Legislativo.<\/p>\n<p align=\"justify\"><b>Comiss\u00e3o de Recesso<\/b><\/p>\n<p align=\"justify\">Com o objetivo de dar continuidade aos trabalhos legislativos da Casa durante o recesso parlamentar, o parlamento mirim constituiu a Comiss\u00e3o de Recesso composta por: Dinho Dowsley, Eliza Virg\u00ednia (PP), Marcos Henriques (PT), Odon Bezerra (PSB), Tarc\u00edsio Jardim (PP), Marmuthe Cavalcanti (Republicanos), Thiago Lucena (DC) e Dam\u00e1sio Franca (PP). A composi\u00e7\u00e3o do colegiado segue o Regimento Interno da Casa (Art. 80, \u00a7 3\u00ba), obedecendo a crit\u00e9rios de proporcionalidade de partidos ou blocos partid\u00e1rios, por indica\u00e7\u00e3o dos respectivos l\u00edderes.<\/p>\n<p align=\"justify\">Durante o recesso parlamentar, a comiss\u00e3o representativa pode exercer a compet\u00eancia administrativa em caso de urg\u00eancia, na aus\u00eancia ou impedimento dos membros da Mesa Diretora, al\u00e9m de representar a C\u00e2mara em eventos e exercer outras atribui\u00e7\u00f5es de car\u00e1ter urgente, que n\u00e3o possam aguardar o in\u00edcio do per\u00edodo legislativo seguinte.<\/p>\n<p align=\"justify\">CMJP<\/p>\n","protected":false},"excerpt":{"rendered":"<p>Na pr\u00f3xima ter\u00e7a-feira (4), a C\u00e2mara Municipal de Jo\u00e3o Pessoa (CMJP) inicia os trabalhos legislativos da 19\u00aa Legislatura (2025-2028), com os 29 vereadores que representar\u00e3o a popula\u00e7\u00e3o pessoense neste per\u00edodo. Os parlamentares eleitos em 2024 cumprir\u00e3o mandato de 1\u00ba de janeiro de 2025 a 31 de dezembro de 2028. Essa Legislatura ser\u00e1 composta por 27 &hellip;<\/p>\n","protected":false},"author":1,"featured_media":97717,"comment_status":"open","ping_status":"open","sticky":false,"template":"","format":"standard","meta":{"footnotes":""},"categories":[8],"tags":[],"class_list":["post-134376","post","type-post","status-publish","format-standard","has-post-thumbnail","hentry","category-politica"],"_links":{"self":[{"href":"https:\/\/iparaiba.com.br\/index.php\/wp-json\/wp\/v2\/posts\/134376","targetHints":{"allow":["GET"]}}],"collection":[{"href":"https:\/\/iparaiba.com.br\/index.php\/wp-json\/wp\/v2\/posts"}],"about":[{"href":"https:\/\/iparaiba.com.br\/index.php\/wp-json\/wp\/v2\/types\/post"}],"author":[{"embeddable":true,"href":"https:\/\/iparaiba.com.br\/index.php\/wp-json\/wp\/v2\/users\/1"}],"replies":[{"embeddable":true,"href":"https:\/\/iparaiba.com.br\/index.php\/wp-json\/wp\/v2\/comments?post=134376"}],"version-history":[{"count":0,"href":"https:\/\/iparaiba.com.br\/index.php\/wp-json\/wp\/v2\/posts\/134376\/revisions"}],"wp:featuredmedia":[{"embeddable":true,"href":"https:\/\/iparaiba.com.br\/index.php\/wp-json\/wp\/v2\/media\/97717"}],"wp:attachment":[{"href":"https:\/\/iparaiba.com.br\/index.php\/wp-json\/wp\/v2\/media?parent=134376"}],"wp:term":[{"taxonomy":"category","embeddable":true,"href":"https:\/\/iparaiba.com.br\/index.php\/wp-json\/wp\/v2\/categories?post=134376"},{"taxonomy":"post_tag","embeddable":true,"href":"https:\/\/iparaiba.com.br\/index.php\/wp-json\/wp\/v2\/tags?post=134376"}],"curies":[{"name":"wp","href":"https:\/\/api.w.org\/{rel}","templated":true}]}}